{"id":2008,"date":"2020-02-02T16:23:51","date_gmt":"2020-02-02T14:23:51","guid":{"rendered":"http:\/\/www.intothesquare.org\/?p=2008"},"modified":"2024-04-26T22:38:30","modified_gmt":"2024-04-26T19:38:30","slug":"plaza-mayor-from-segovia-spain","status":"publish","type":"post","link":"https:\/\/www.intothesquare.org\/az\/2020\/european-squares\/plaza-mayor-from-segovia-spain\/","title":{"rendered":"Segovia, \u0130spaniya, Plaza Mayor"},"content":{"rendered":"\n<figure class=\"wp-block-gallery columns-3 is-cropped wp-block-gallery-1 is-layout-flex wp-block-gallery-is-layout-flex\"><ul class=\"blocks-gallery-grid\"><li class=\"blocks-gallery-item\"><figure><img loading=\"lazy\" decoding=\"async\" width=\"945\" height=\"630\" src=\"https:\/\/www.intothesquare.org\/wp-content\/uploads\/2020\/02\/0148.jpg\" alt=\"\" data-id=\"2011\" data-full-url=\"https:\/\/i0.wp.com\/www.intothesquare.org\/wp-content\/uploads\/2020\/02\/0148.jpg?fit=945%2C630\" data-link=\"https:\/\/www.intothesquare.org\/?attachment_id=2011\" class=\"wp-image-2011\" srcset=\"https:\/\/www.intothesquare.org\/wp-content\/uploads\/2020\/02\/0148.jpg 945w, https:\/\/www.intothesquare.org\/wp-content\/uploads\/2020\/02\/0148-300x200.jpg 300w, https:\/\/www.intothesquare.org\/wp-content\/uploads\/2020\/02\/0148-768x512.jpg 768w\" sizes=\"auto, (max-width: 945px) 100vw, 945px\" \/><\/figure><\/li><li class=\"blocks-gallery-item\"><figure><img loading=\"lazy\" decoding=\"async\" width=\"945\" height=\"630\" src=\"https:\/\/www.intothesquare.org\/wp-content\/uploads\/2020\/02\/0149.jpg\" alt=\"\" data-id=\"2012\" data-full-url=\"https:\/\/i2.wp.com\/www.intothesquare.org\/wp-content\/uploads\/2020\/02\/0149.jpg?fit=945%2C630\" data-link=\"https:\/\/www.intothesquare.org\/?attachment_id=2012\" class=\"wp-image-2012\" srcset=\"https:\/\/www.intothesquare.org\/wp-content\/uploads\/2020\/02\/0149.jpg 945w, https:\/\/www.intothesquare.org\/wp-content\/uploads\/2020\/02\/0149-300x200.jpg 300w, https:\/\/www.intothesquare.org\/wp-content\/uploads\/2020\/02\/0149-768x512.jpg 768w\" sizes=\"auto, (max-width: 945px) 100vw, 945px\" \/><\/figure><\/li><li class=\"blocks-gallery-item\"><figure><img loading=\"lazy\" decoding=\"async\" width=\"945\" height=\"630\" src=\"https:\/\/www.intothesquare.org\/wp-content\/uploads\/2020\/02\/0150.jpg\" alt=\"\" data-id=\"2013\" data-full-url=\"https:\/\/i1.wp.com\/www.intothesquare.org\/wp-content\/uploads\/2020\/02\/0150.jpg?fit=945%2C630\" data-link=\"https:\/\/www.intothesquare.org\/?attachment_id=2013\" class=\"wp-image-2013\" srcset=\"https:\/\/www.intothesquare.org\/wp-content\/uploads\/2020\/02\/0150.jpg 945w, https:\/\/www.intothesquare.org\/wp-content\/uploads\/2020\/02\/0150-300x200.jpg 300w, https:\/\/www.intothesquare.org\/wp-content\/uploads\/2020\/02\/0150-768x512.jpg 768w\" sizes=\"auto, (max-width: 945px) 100vw, 945px\" \/><\/figure><\/li><\/ul><\/figure>\n\n\n\n<p>\u0130spaniya tarixi \u00fc\u00e7\u00fcn Seqoviyadak\u0131 Plaza Mayor x\u00fcsusi \u0259h\u0259miyy\u0259t\u0259 malikdir. 1474-c\u00fc ild\u0259 h\u0259l\u0259 San Miguel Plaza adland\u0131r\u0131ld\u0131\u011f\u0131 d\u00f6vrd\u0259 Kastiliyan\u0131n Katolik Krali\u00e7as\u0131 \u0130zabela burada tacland\u0131r\u0131lm\u0131\u015fd\u0131. \u018fks t\u0259qdird\u0259, bura adi bir \u0130span meydan\u0131 olard\u0131. Buna baxmayaraq, \u015f\u0259h\u0259r bax\u0131m\u0131ndan g\u00f6zl\u0259nilm\u0259z, eyni zamanda vizual olaraq maraql\u0131 bir performans t\u0259qdim edir. Avropan\u0131n \u0259n son Qotik kils\u0259l\u0259rind\u0259n biri olan b\u00f6y\u00fck bir kafedral binas\u0131 meydan\u0131n bir t\u0259r\u0259find\u0259 yerl\u0259\u015fir. Plaza Mayor bu kafedral\u0131n ondan \u00f6n\u0259 ke\u00e7m\u0259sin\u0259 imkan verm\u0259m\u0259yi bacar\u0131r. Meydandan bax\u0131ld\u0131\u011f\u0131nda kafedral o q\u0259d\u0259r d\u0259 sanball\u0131 g\u00f6r\u00fcnm\u00fcr v\u0259 meydan insan boyuna nisb\u0259tind\u0259 d\u0259rin bir atmosfer yarad\u0131r.<\/p>\n\n\n\n<figure class=\"wp-block-image size-large\"><img loading=\"lazy\" decoding=\"async\" width=\"945\" height=\"710\" src=\"https:\/\/www.intothesquare.org\/wp-content\/uploads\/2020\/02\/0144.jpg\" alt=\"\" class=\"wp-image-2014\" srcset=\"https:\/\/www.intothesquare.org\/wp-content\/uploads\/2020\/02\/0144.jpg 945w, https:\/\/www.intothesquare.org\/wp-content\/uploads\/2020\/02\/0144-300x225.jpg 300w, https:\/\/www.intothesquare.org\/wp-content\/uploads\/2020\/02\/0144-768x577.jpg 768w\" sizes=\"auto, (max-width: 945px) 100vw, 945px\" \/><\/figure>\n\n\n\n<figure class=\"wp-block-image size-large\"><img loading=\"lazy\" decoding=\"async\" width=\"945\" height=\"709\" src=\"https:\/\/www.intothesquare.org\/wp-content\/uploads\/2020\/02\/0145.jpg\" alt=\"\" class=\"wp-image-2009\" srcset=\"https:\/\/www.intothesquare.org\/wp-content\/uploads\/2020\/02\/0145.jpg 945w, https:\/\/www.intothesquare.org\/wp-content\/uploads\/2020\/02\/0145-300x225.jpg 300w, https:\/\/www.intothesquare.org\/wp-content\/uploads\/2020\/02\/0145-768x576.jpg 768w\" sizes=\"auto, (max-width: 945px) 100vw, 945px\" \/><\/figure>\n","protected":false},"excerpt":{"rendered":"<p>\u0130spaniya tarixi \u00fc\u00e7\u00fcn Seqoviyadak\u0131 Plaza Mayor x\u00fcsusi \u0259h\u0259miyy\u0259t\u0259 malikdir. 1474-c\u00fc ild\u0259 h\u0259l\u0259 San Miguel Plaza adland\u0131r\u0131ld\u0131\u011f\u0131 d\u00f6vrd\u0259 Kastiliyan\u0131n Katolik Krali\u00e7as\u0131 \u0130zabela burada tacland\u0131r\u0131lm\u0131\u015fd\u0131. \u018fks t\u0259qdird\u0259, bura adi bir \u0130span meydan\u0131 olard\u0131. Buna baxmayaraq, \u015f\u0259h\u0259r bax\u0131m\u0131ndan g\u00f6zl\u0259nilm\u0259z, eyni zamanda vizual olaraq maraql\u0131 bir performans t\u0259qdim edir. Avropan\u0131n \u0259n son Qotik kils\u0259l\u0259rind\u0259n biri olan b\u00f6y\u00fck bir kafedral &hellip; <a href=\"https:\/\/www.intothesquare.org\/az\/2020\/european-squares\/plaza-mayor-from-segovia-spain\/\" class=\"more-link\">Continue reading <span class=\"screen-reader-text\">Segovia, \u0130spaniya, Plaza Mayor<\/span><\/a><\/p>\n","protected":false},"author":3,"featured_media":2021,"comment_status":"closed","ping_status":"closed","sticky":false,"template":"","format":"standard","meta":{"footnotes":""},"categories":[14],"tags":[149,145,148,147,146],"class_list":["post-2008","post","type-post","status-publish","format-standard","has-post-thumbnail","hentry","category-european-squares","tag-az","tag-en","tag-ge","tag-gr","tag-ro"],"translation":{"provider":"WPGlobus","version":"3.0.0","language":"az","enabled_languages":["en","tr","ro","es","it","gr","az","pl","ge","pt"],"languages":{"en":{"title":true,"content":true,"excerpt":false},"tr":{"title":false,"content":false,"excerpt":false},"ro":{"title":true,"content":true,"excerpt":false},"es":{"title":false,"content":false,"excerpt":false},"it":{"title":false,"content":false,"excerpt":false},"gr":{"title":true,"content":true,"excerpt":false},"az":{"title":true,"content":true,"excerpt":false},"pl":{"title":false,"content":false,"excerpt":false},"ge":{"title":true,"content":true,"excerpt":false},"pt":{"title":false,"content":false,"excerpt":false}}},"_links":{"self":[{"href":"https:\/\/www.intothesquare.org\/az\/wp-json\/wp\/v2\/posts\/2008","targetHints":{"allow":["GET"]}}],"collection":[{"href":"https:\/\/www.intothesquare.org\/az\/wp-json\/wp\/v2\/posts"}],"about":[{"href":"https:\/\/www.intothesquare.org\/az\/wp-json\/wp\/v2\/types\/post"}],"author":[{"embeddable":true,"href":"https:\/\/www.intothesquare.org\/az\/wp-json\/wp\/v2\/users\/3"}],"replies":[{"embeddable":true,"href":"https:\/\/www.intothesquare.org\/az\/wp-json\/wp\/v2\/comments?post=2008"}],"version-history":[{"count":0,"href":"https:\/\/www.intothesquare.org\/az\/wp-json\/wp\/v2\/posts\/2008\/revisions"}],"wp:featuredmedia":[{"embeddable":true,"href":"https:\/\/www.intothesquare.org\/az\/wp-json\/wp\/v2\/media\/2021"}],"wp:attachment":[{"href":"https:\/\/www.intothesquare.org\/az\/wp-json\/wp\/v2\/media?parent=2008"}],"wp:term":[{"taxonomy":"category","embeddable":true,"href":"https:\/\/www.intothesquare.org\/az\/wp-json\/wp\/v2\/categories?post=2008"},{"taxonomy":"post_tag","embeddable":true,"href":"https:\/\/www.intothesquare.org\/az\/wp-json\/wp\/v2\/tags?post=2008"}],"curies":[{"name":"wp","href":"https:\/\/api.w.org\/{rel}","templated":true}]}}