{"id":2124,"date":"2020-02-03T23:02:49","date_gmt":"2020-02-03T21:02:49","guid":{"rendered":"http:\/\/www.intothesquare.org\/?p=2124"},"modified":"2024-04-26T22:30:18","modified_gmt":"2024-04-26T19:30:18","slug":"trg-sveti-nikole-from-perast-montenegro","status":"publish","type":"post","link":"https:\/\/www.intothesquare.org\/az\/2020\/european-squares\/trg-sveti-nikole-from-perast-montenegro\/","title":{"rendered":"Perast, Monteneqro, M\u00fcq\u0259dd\u0259s Nikolay Meydan\u0131"},"content":{"rendered":"\n<figure class=\"wp-block-gallery columns-3 is-cropped wp-block-gallery-1 is-layout-flex wp-block-gallery-is-layout-flex\"><ul class=\"blocks-gallery-grid\"><li class=\"blocks-gallery-item\"><figure><img loading=\"lazy\" decoding=\"async\" width=\"1024\" height=\"576\" src=\"https:\/\/www.intothesquare.org\/wp-content\/uploads\/2020\/02\/076-1024x576.jpg\" alt=\"\" data-id=\"2127\" data-full-url=\"https:\/\/www.intothesquare.org\/wp-content\/uploads\/2020\/02\/076.jpg\" data-link=\"https:\/\/www.intothesquare.org\/2020\/european-squares\/trg-sveti-nikole-from-perast-montenegro\/attachment\/dcim100mediadji_0009-jpg\/\" class=\"wp-image-2127\" srcset=\"https:\/\/www.intothesquare.org\/wp-content\/uploads\/2020\/02\/076-1024x576.jpg 1024w, https:\/\/www.intothesquare.org\/wp-content\/uploads\/2020\/02\/076-300x169.jpg 300w, https:\/\/www.intothesquare.org\/wp-content\/uploads\/2020\/02\/076-768x432.jpg 768w, https:\/\/www.intothesquare.org\/wp-content\/uploads\/2020\/02\/076.jpg 1296w\" sizes=\"auto, (max-width: 1024px) 100vw, 1024px\" \/><\/figure><\/li><li class=\"blocks-gallery-item\"><figure><img loading=\"lazy\" decoding=\"async\" width=\"1024\" height=\"576\" src=\"https:\/\/www.intothesquare.org\/wp-content\/uploads\/2020\/02\/077-1024x576.jpg\" alt=\"\" data-id=\"2128\" data-full-url=\"https:\/\/www.intothesquare.org\/wp-content\/uploads\/2020\/02\/077.jpg\" data-link=\"https:\/\/www.intothesquare.org\/2020\/european-squares\/trg-sveti-nikole-from-perast-montenegro\/attachment\/dcim100mediadji_0083-jpg\/\" class=\"wp-image-2128\" srcset=\"https:\/\/www.intothesquare.org\/wp-content\/uploads\/2020\/02\/077-1024x576.jpg 1024w, https:\/\/www.intothesquare.org\/wp-content\/uploads\/2020\/02\/077-300x169.jpg 300w, https:\/\/www.intothesquare.org\/wp-content\/uploads\/2020\/02\/077-768x432.jpg 768w, https:\/\/www.intothesquare.org\/wp-content\/uploads\/2020\/02\/077.jpg 1296w\" sizes=\"auto, (max-width: 1024px) 100vw, 1024px\" \/><\/figure><\/li><li class=\"blocks-gallery-item\"><figure><img loading=\"lazy\" decoding=\"async\" width=\"1024\" height=\"619\" src=\"https:\/\/www.intothesquare.org\/wp-content\/uploads\/2020\/02\/083-1024x619.jpg\" alt=\"\" data-id=\"2129\" data-full-url=\"https:\/\/www.intothesquare.org\/wp-content\/uploads\/2020\/02\/083.jpg\" data-link=\"https:\/\/www.intothesquare.org\/2020\/european-squares\/trg-sveti-nikole-from-perast-montenegro\/attachment\/083\/\" class=\"wp-image-2129\" srcset=\"https:\/\/www.intothesquare.org\/wp-content\/uploads\/2020\/02\/083-1024x619.jpg 1024w, https:\/\/www.intothesquare.org\/wp-content\/uploads\/2020\/02\/083-300x181.jpg 300w, https:\/\/www.intothesquare.org\/wp-content\/uploads\/2020\/02\/083-768x464.jpg 768w, https:\/\/www.intothesquare.org\/wp-content\/uploads\/2020\/02\/083.jpg 1296w\" sizes=\"auto, (max-width: 1024px) 100vw, 1024px\" \/><\/figure><\/li><\/ul><\/figure>\n\n\n\n<p>\u015e\u0259h\u0259rin qurulu\u015fu Venesiya hakimiyy\u0259ti d\u00f6vr\u00fcnd\u0259 \u015f\u0259h\u0259rin iqtisadiyat\u0131n\u0131n t\u0259r\u0259qqiy\u0259 \u00e7atd\u0131\u011f\u0131 d\u00f6vr\u0259 aiddir. Bir \u00e7ox sahil \u015f\u0259h\u0259rind\u0259 oldu\u011fu kimi, burada da meydan liman\u0131 \u00f6z\u00fcn\u0259 birl\u0259\u015fdirmi\u015fdir. \u015e\u0259h\u0259rin \u0130nzibati M\u0259rk\u0259zi meydan\u0131n \u015f\u0259rq t\u0259r\u0259find\u0259, Fond Bazar\u0131 is\u0259 q\u0259rbind\u0259 yerl\u0259\u015fir. \u015eimal t\u0259r\u0259find\u0259 Adriatik d\u0259nizinin sahilind\u0259 \u0259n y\u00fcks\u0259k z\u0259ng q\u00fcll\u0259si olan\u00a0 M\u00fcq\u0259dd\u0259s Nikolay kils\u0259si yerl\u0259\u015fir. \u015e\u0259rti olaraq &#8220;<em>balota<\/em>&#8221; adland\u0131r\u0131lan bir da\u015f, liman-meydan\u0131n\u0131n bitdiyi v\u0259 kils\u0259 meydan\u0131n\u0131n ba\u015fland\u0131\u011f\u0131 yeri i\u015far\u0259 edir.<\/p>\n\n\n\n<figure class=\"wp-block-image size-large\"><img loading=\"lazy\" decoding=\"async\" width=\"1024\" height=\"683\" src=\"https:\/\/www.intothesquare.org\/wp-content\/uploads\/2020\/02\/078-1024x683.jpg\" alt=\"\" class=\"wp-image-2130\" srcset=\"https:\/\/www.intothesquare.org\/wp-content\/uploads\/2020\/02\/078-1024x683.jpg 1024w, https:\/\/www.intothesquare.org\/wp-content\/uploads\/2020\/02\/078-300x200.jpg 300w, https:\/\/www.intothesquare.org\/wp-content\/uploads\/2020\/02\/078-768x512.jpg 768w, https:\/\/www.intothesquare.org\/wp-content\/uploads\/2020\/02\/078.jpg 1296w\" sizes=\"auto, (max-width: 1024px) 100vw, 1024px\" \/><\/figure>\n","protected":false},"excerpt":{"rendered":"<p>\u015e\u0259h\u0259rin qurulu\u015fu Venesiya hakimiyy\u0259ti d\u00f6vr\u00fcnd\u0259 \u015f\u0259h\u0259rin iqtisadiyat\u0131n\u0131n t\u0259r\u0259qqiy\u0259 \u00e7atd\u0131\u011f\u0131 d\u00f6vr\u0259 aiddir. Bir \u00e7ox sahil \u015f\u0259h\u0259rind\u0259 oldu\u011fu kimi, burada da meydan liman\u0131 \u00f6z\u00fcn\u0259 birl\u0259\u015fdirmi\u015fdir. \u015e\u0259h\u0259rin \u0130nzibati M\u0259rk\u0259zi meydan\u0131n \u015f\u0259rq t\u0259r\u0259find\u0259, Fond Bazar\u0131 is\u0259 q\u0259rbind\u0259 yerl\u0259\u015fir. \u015eimal t\u0259r\u0259find\u0259 Adriatik d\u0259nizinin sahilind\u0259 \u0259n y\u00fcks\u0259k z\u0259ng q\u00fcll\u0259si olan\u00a0 M\u00fcq\u0259dd\u0259s Nikolay kils\u0259si yerl\u0259\u015fir. \u015e\u0259rti olaraq &#8220;balota&#8221; adland\u0131r\u0131lan bir da\u015f, liman-meydan\u0131n\u0131n &hellip; <a href=\"https:\/\/www.intothesquare.org\/az\/2020\/european-squares\/trg-sveti-nikole-from-perast-montenegro\/\" class=\"more-link\">Continue reading <span class=\"screen-reader-text\">Perast, Monteneqro, M\u00fcq\u0259dd\u0259s Nikolay Meydan\u0131<\/span><\/a><\/p>\n","protected":false},"author":3,"featured_media":2126,"comment_status":"closed","ping_status":"closed","sticky":false,"template":"","format":"standard","meta":{"footnotes":""},"categories":[14],"tags":[149,145,148,147,146,150],"class_list":["post-2124","post","type-post","status-publish","format-standard","has-post-thumbnail","hentry","category-european-squares","tag-az","tag-en","tag-ge","tag-gr","tag-ro","tag-tr"],"translation":{"provider":"WPGlobus","version":"3.0.0","language":"az","enabled_languages":["en","tr","ro","es","it","gr","az","pl","ge","pt"],"languages":{"en":{"title":true,"content":true,"excerpt":false},"tr":{"title":true,"content":true,"excerpt":false},"ro":{"title":true,"content":true,"excerpt":false},"es":{"title":false,"content":false,"excerpt":false},"it":{"title":false,"content":false,"excerpt":false},"gr":{"title":true,"content":true,"excerpt":false},"az":{"title":true,"content":true,"excerpt":false},"pl":{"title":false,"content":false,"excerpt":false},"ge":{"title":true,"content":true,"excerpt":false},"pt":{"title":false,"content":false,"excerpt":false}}},"_links":{"self":[{"href":"https:\/\/www.intothesquare.org\/az\/wp-json\/wp\/v2\/posts\/2124","targetHints":{"allow":["GET"]}}],"collection":[{"href":"https:\/\/www.intothesquare.org\/az\/wp-json\/wp\/v2\/posts"}],"about":[{"href":"https:\/\/www.intothesquare.org\/az\/wp-json\/wp\/v2\/types\/post"}],"author":[{"embeddable":true,"href":"https:\/\/www.intothesquare.org\/az\/wp-json\/wp\/v2\/users\/3"}],"replies":[{"embeddable":true,"href":"https:\/\/www.intothesquare.org\/az\/wp-json\/wp\/v2\/comments?post=2124"}],"version-history":[{"count":0,"href":"https:\/\/www.intothesquare.org\/az\/wp-json\/wp\/v2\/posts\/2124\/revisions"}],"wp:featuredmedia":[{"embeddable":true,"href":"https:\/\/www.intothesquare.org\/az\/wp-json\/wp\/v2\/media\/2126"}],"wp:attachment":[{"href":"https:\/\/www.intothesquare.org\/az\/wp-json\/wp\/v2\/media?parent=2124"}],"wp:term":[{"taxonomy":"category","embeddable":true,"href":"https:\/\/www.intothesquare.org\/az\/wp-json\/wp\/v2\/categories?post=2124"},{"taxonomy":"post_tag","embeddable":true,"href":"https:\/\/www.intothesquare.org\/az\/wp-json\/wp\/v2\/tags?post=2124"}],"curies":[{"name":"wp","href":"https:\/\/api.w.org\/{rel}","templated":true}]}}