{"id":249,"date":"2018-02-11T18:28:52","date_gmt":"2018-02-11T16:28:52","guid":{"rendered":"http:\/\/www.intothesquare.org\/?p=249"},"modified":"2024-04-26T23:10:28","modified_gmt":"2024-04-26T20:10:28","slug":"masarykovo-namesti-from-trebon-cehia","status":"publish","type":"post","link":"https:\/\/www.intothesquare.org\/az\/2018\/european-squares\/masarykovo-namesti-from-trebon-cehia\/","title":{"rendered":"T\u0159ebo\u0148, \u00c7exiya Respublikas\u0131, Masarykovo n\u00e1m\u011bst\u00ed"},"content":{"rendered":"\n<figure class=\"wp-block-gallery has-nested-images columns-4 is-cropped wp-block-gallery-1 is-layout-flex wp-block-gallery-is-layout-flex\">\n<figure class=\"wp-block-image size-large\"><a href=\"https:\/\/www.intothesquare.org\/wp-content\/uploads\/2018\/02\/DJI_0092.jpg\"><img loading=\"lazy\" decoding=\"async\" width=\"800\" height=\"639\" data-id=\"472\" src=\"https:\/\/www.intothesquare.org\/wp-content\/uploads\/2018\/02\/DJI_0092.jpg\" alt=\"\" class=\"wp-image-472\" srcset=\"https:\/\/www.intothesquare.org\/wp-content\/uploads\/2018\/02\/DJI_0092.jpg 800w, https:\/\/www.intothesquare.org\/wp-content\/uploads\/2018\/02\/DJI_0092-300x240.jpg 300w, https:\/\/www.intothesquare.org\/wp-content\/uploads\/2018\/02\/DJI_0092-768x613.jpg 768w\" sizes=\"auto, (max-width: 800px) 100vw, 800px\" \/><\/a><\/figure>\n\n\n\n<figure class=\"wp-block-image size-large\"><a href=\"https:\/\/www.intothesquare.org\/wp-content\/uploads\/2018\/02\/DJI_0131.jpg\"><img loading=\"lazy\" decoding=\"async\" width=\"800\" height=\"493\" data-id=\"473\" src=\"https:\/\/www.intothesquare.org\/wp-content\/uploads\/2018\/02\/DJI_0131.jpg\" alt=\"\" class=\"wp-image-473\" srcset=\"https:\/\/www.intothesquare.org\/wp-content\/uploads\/2018\/02\/DJI_0131.jpg 800w, https:\/\/www.intothesquare.org\/wp-content\/uploads\/2018\/02\/DJI_0131-300x185.jpg 300w, https:\/\/www.intothesquare.org\/wp-content\/uploads\/2018\/02\/DJI_0131-768x473.jpg 768w\" sizes=\"auto, (max-width: 800px) 100vw, 800px\" \/><\/a><\/figure>\n\n\n\n<figure class=\"wp-block-image size-large\"><a href=\"https:\/\/www.intothesquare.org\/wp-content\/uploads\/2018\/02\/IMG_1137.jpg\"><img loading=\"lazy\" decoding=\"async\" width=\"800\" height=\"533\" data-id=\"474\" src=\"https:\/\/www.intothesquare.org\/wp-content\/uploads\/2018\/02\/IMG_1137.jpg\" alt=\"\" class=\"wp-image-474\" srcset=\"https:\/\/www.intothesquare.org\/wp-content\/uploads\/2018\/02\/IMG_1137.jpg 800w, https:\/\/www.intothesquare.org\/wp-content\/uploads\/2018\/02\/IMG_1137-300x200.jpg 300w, https:\/\/www.intothesquare.org\/wp-content\/uploads\/2018\/02\/IMG_1137-768x512.jpg 768w\" sizes=\"auto, (max-width: 800px) 100vw, 800px\" \/><\/a><\/figure>\n\n\n\n<figure class=\"wp-block-image size-large\"><a href=\"https:\/\/www.intothesquare.org\/wp-content\/uploads\/2018\/02\/IMG_1163.jpg\"><img loading=\"lazy\" decoding=\"async\" width=\"800\" height=\"510\" data-id=\"475\" src=\"https:\/\/www.intothesquare.org\/wp-content\/uploads\/2018\/02\/IMG_1163.jpg\" alt=\"\" class=\"wp-image-475\" srcset=\"https:\/\/www.intothesquare.org\/wp-content\/uploads\/2018\/02\/IMG_1163.jpg 800w, https:\/\/www.intothesquare.org\/wp-content\/uploads\/2018\/02\/IMG_1163-300x191.jpg 300w, https:\/\/www.intothesquare.org\/wp-content\/uploads\/2018\/02\/IMG_1163-768x490.jpg 768w\" sizes=\"auto, (max-width: 800px) 100vw, 800px\" \/><\/a><\/figure>\n<\/figure>\n\n\n\n<p>Alman dilind\u0259 Wittingau adlanan T\u0159ebo\u0148, Bohemiyada \u0259n yax\u015f\u0131 qorunan orta \u0259sr meydanlar\u0131ndan birin\u0259 sahibdir. \u018fslind\u0259, yaln\u0131z formas\u0131 orta \u0259srl\u0259r\u0259 aiddir, bel\u0259 ki, \u0130ntibah v\u0259 Barok evl\u0259ri il\u0259 haz\u0131rki g\u00f6r\u00fcn\u00fc\u015f\u00fc XIV \u0259srd\u0259 bal\u0131q ticar\u0259tinin \u00e7i\u00e7\u0259kl\u0259nm\u0259si il\u0259 \u0259laq\u0259dard\u0131r. \u015e\u0259h\u0259rin \u0259traf\u0131ndak\u0131 t\u0259bii m\u0259nz\u0259r\u0259 XIV \u0259srin ortalar\u0131ndan ba\u015flayaraq, insan m\u00fcdaxil\u0259si il\u0259 t\u0259dric\u0259n d\u0259yi\u015fdirildi. Bataql\u0131qlar 16 su sistemind\u0259 qrupla\u015fd\u0131r\u0131laraq, 500-d\u0259n \u00e7ox g\u00f6lm\u0259\u00e7\u0259d\u0259n ibar\u0259t s\u0131x bir \u015f\u0259b\u0259k\u0259 yaratd\u0131. G\u00fcn\u00fcm\u00fczd\u0259 bu \u00e7\u00f6ll\u0259r\u0259 c\u0259nn\u0259t geri d\u00f6nm\u00fc\u015f, nadir bitki v\u0259 heyvan n\u00f6vl\u0259ri burda m\u0259sk\u0259n salm\u0131\u015fd\u0131r. G\u00f6lm\u0259\u00e7\u0259l\u0259rd\u0259n \u0259n b\u00f6y\u00fcy\u00fc \u015f\u0259h\u0259rin d\u00fcz yan\u0131nda yerl\u0259\u015fir v\u0259 orta \u0259sr \u015f\u0259h\u0259rciyinin sahibl\u0259ri olan Rozenberql\u0259r ail\u0259sinin ad\u0131 il\u0259 ba\u011fl\u0131d\u0131r. Bohemiya v\u0259 Moravia&#8217;n\u0131n b\u00fct\u00fcn tarixi \u015f\u0259h\u0259rl\u0259rind\u0259 oldu\u011fu kimi, bu meydan da v\u0259ba s\u00fctunu, \u0130ntibah d\u00f6vr\u00fcn\u0259 aid \u00e7e\u015fm\u0259 v\u0259 \u015f\u0259h\u0259r meriyas\u0131na aid qala binas\u0131ndan ibar\u0259tdir.<\/p>\n\n\n<div class=\"wp-block-image\">\n<figure class=\"aligncenter\"><img loading=\"lazy\" decoding=\"async\" width=\"1000\" height=\"750\" src=\"https:\/\/www.intothesquare.org\/wp-content\/uploads\/2018\/02\/Trebon3.jpg\" alt=\"\" class=\"wp-image-251\" srcset=\"https:\/\/www.intothesquare.org\/wp-content\/uploads\/2018\/02\/Trebon3.jpg 1000w, https:\/\/www.intothesquare.org\/wp-content\/uploads\/2018\/02\/Trebon3-300x225.jpg 300w, https:\/\/www.intothesquare.org\/wp-content\/uploads\/2018\/02\/Trebon3-768x576.jpg 768w\" sizes=\"auto, (max-width: 1000px) 100vw, 1000px\" \/><\/figure>\n<\/div>","protected":false},"excerpt":{"rendered":"<p>Alman dilind\u0259 Wittingau adlanan T\u0159ebo\u0148, Bohemiyada \u0259n yax\u015f\u0131 qorunan orta \u0259sr meydanlar\u0131ndan birin\u0259 sahibdir. \u018fslind\u0259, yaln\u0131z formas\u0131 orta \u0259srl\u0259r\u0259 aiddir, bel\u0259 ki, \u0130ntibah v\u0259 Barok evl\u0259ri il\u0259 haz\u0131rki g\u00f6r\u00fcn\u00fc\u015f\u00fc XIV \u0259srd\u0259 bal\u0131q ticar\u0259tinin \u00e7i\u00e7\u0259kl\u0259nm\u0259si il\u0259 \u0259laq\u0259dard\u0131r. \u015e\u0259h\u0259rin \u0259traf\u0131ndak\u0131 t\u0259bii m\u0259nz\u0259r\u0259 XIV \u0259srin ortalar\u0131ndan ba\u015flayaraq, insan m\u00fcdaxil\u0259si il\u0259 t\u0259dric\u0259n d\u0259yi\u015fdirildi. Bataql\u0131qlar 16 su sistemind\u0259 qrupla\u015fd\u0131r\u0131laraq, 500-d\u0259n &hellip; <a href=\"https:\/\/www.intothesquare.org\/az\/2018\/european-squares\/masarykovo-namesti-from-trebon-cehia\/\" class=\"more-link\">Continue reading <span class=\"screen-reader-text\">T\u0159ebo\u0148, \u00c7exiya Respublikas\u0131, Masarykovo n\u00e1m\u011bst\u00ed<\/span><\/a><\/p>\n","protected":false},"author":2,"featured_media":250,"comment_status":"closed","ping_status":"closed","sticky":false,"template":"","format":"image","meta":{"footnotes":""},"categories":[14],"tags":[47,149,45,43,44,145,151,30,146,46,48],"class_list":["post-249","post","type-post","status-publish","format-image","has-post-thumbnail","hentry","category-european-squares","tag-16th-century","tag-az","tag-bohemia","tag-cehia","tag-czech-republic","tag-en","tag-es","tag-medieval-city","tag-ro","tag-sec-xvi","tag-wittingau","post_format-post-format-image"],"translation":{"provider":"WPGlobus","version":"3.0.0","language":"az","enabled_languages":["en","tr","ro","es","it","gr","az","pl","ge","pt"],"languages":{"en":{"title":true,"content":true,"excerpt":false},"tr":{"title":false,"content":false,"excerpt":false},"ro":{"title":true,"content":true,"excerpt":false},"es":{"title":true,"content":true,"excerpt":false},"it":{"title":false,"content":false,"excerpt":false},"gr":{"title":false,"content":false,"excerpt":false},"az":{"title":true,"content":true,"excerpt":false},"pl":{"title":false,"content":false,"excerpt":false},"ge":{"title":false,"content":false,"excerpt":false},"pt":{"title":false,"content":false,"excerpt":false}}},"_links":{"self":[{"href":"https:\/\/www.intothesquare.org\/az\/wp-json\/wp\/v2\/posts\/249","targetHints":{"allow":["GET"]}}],"collection":[{"href":"https:\/\/www.intothesquare.org\/az\/wp-json\/wp\/v2\/posts"}],"about":[{"href":"https:\/\/www.intothesquare.org\/az\/wp-json\/wp\/v2\/types\/post"}],"author":[{"embeddable":true,"href":"https:\/\/www.intothesquare.org\/az\/wp-json\/wp\/v2\/users\/2"}],"replies":[{"embeddable":true,"href":"https:\/\/www.intothesquare.org\/az\/wp-json\/wp\/v2\/comments?post=249"}],"version-history":[{"count":0,"href":"https:\/\/www.intothesquare.org\/az\/wp-json\/wp\/v2\/posts\/249\/revisions"}],"wp:featuredmedia":[{"embeddable":true,"href":"https:\/\/www.intothesquare.org\/az\/wp-json\/wp\/v2\/media\/250"}],"wp:attachment":[{"href":"https:\/\/www.intothesquare.org\/az\/wp-json\/wp\/v2\/media?parent=249"}],"wp:term":[{"taxonomy":"category","embeddable":true,"href":"https:\/\/www.intothesquare.org\/az\/wp-json\/wp\/v2\/categories?post=249"},{"taxonomy":"post_tag","embeddable":true,"href":"https:\/\/www.intothesquare.org\/az\/wp-json\/wp\/v2\/tags?post=249"}],"curies":[{"name":"wp","href":"https:\/\/api.w.org\/{rel}","templated":true}]}}