{"id":254,"date":"2018-02-11T19:16:52","date_gmt":"2018-02-11T17:16:52","guid":{"rendered":"http:\/\/www.intothesquare.org\/?p=254"},"modified":"2025-08-22T22:32:27","modified_gmt":"2025-08-22T19:32:27","slug":"namesti-zachariase-z-hradce-from-telc-czech-republic","status":"publish","type":"post","link":"https:\/\/www.intothesquare.org\/az\/2018\/european-squares\/namesti-zachariase-z-hradce-from-telc-czech-republic\/","title":{"rendered":"Tel\u010d, \u00c7exiya Respublikas\u0131,N\u00e1m\u011bst\u00ed Zachari\u00e1\u0161e z Hradce"},"content":{"rendered":"\n<figure class=\"wp-block-gallery has-nested-images columns-4 is-cropped wp-block-gallery-1 is-layout-flex wp-block-gallery-is-layout-flex\">\n<figure class=\"wp-block-image size-large\"><a href=\"https:\/\/www.intothesquare.org\/2018\/european-squares\/namesti-zachariase-z-hradce-from-telc-czech-republic\/attachment\/dji_0116\/\"><img loading=\"lazy\" decoding=\"async\" width=\"800\" height=\"465\" data-id=\"466\" src=\"https:\/\/www.intothesquare.org\/wp-content\/uploads\/2018\/02\/DJI_0116.jpg\" alt=\"\" class=\"wp-image-466\" srcset=\"https:\/\/www.intothesquare.org\/wp-content\/uploads\/2018\/02\/DJI_0116.jpg 800w, https:\/\/www.intothesquare.org\/wp-content\/uploads\/2018\/02\/DJI_0116-300x174.jpg 300w, https:\/\/www.intothesquare.org\/wp-content\/uploads\/2018\/02\/DJI_0116-768x446.jpg 768w\" sizes=\"auto, (max-width: 800px) 100vw, 800px\" \/><\/a><\/figure>\n\n\n\n<figure class=\"wp-block-image size-large\"><a href=\"https:\/\/www.intothesquare.org\/2018\/european-squares\/namesti-zachariase-z-hradce-from-telc-czech-republic\/attachment\/img_0756\/\"><img loading=\"lazy\" decoding=\"async\" width=\"800\" height=\"533\" data-id=\"467\" src=\"https:\/\/www.intothesquare.org\/wp-content\/uploads\/2018\/02\/IMG_0756.jpg\" alt=\"\" class=\"wp-image-467\" srcset=\"https:\/\/www.intothesquare.org\/wp-content\/uploads\/2018\/02\/IMG_0756.jpg 800w, https:\/\/www.intothesquare.org\/wp-content\/uploads\/2018\/02\/IMG_0756-300x200.jpg 300w, https:\/\/www.intothesquare.org\/wp-content\/uploads\/2018\/02\/IMG_0756-768x512.jpg 768w\" sizes=\"auto, (max-width: 800px) 100vw, 800px\" \/><\/a><\/figure>\n\n\n\n<figure class=\"wp-block-image size-large\"><a href=\"https:\/\/www.intothesquare.org\/2018\/european-squares\/namesti-zachariase-z-hradce-from-telc-czech-republic\/attachment\/img_0762\/\"><img loading=\"lazy\" decoding=\"async\" width=\"800\" height=\"648\" data-id=\"468\" src=\"https:\/\/www.intothesquare.org\/wp-content\/uploads\/2018\/02\/IMG_0762.jpg\" alt=\"\" class=\"wp-image-468\" srcset=\"https:\/\/www.intothesquare.org\/wp-content\/uploads\/2018\/02\/IMG_0762.jpg 800w, https:\/\/www.intothesquare.org\/wp-content\/uploads\/2018\/02\/IMG_0762-300x243.jpg 300w, https:\/\/www.intothesquare.org\/wp-content\/uploads\/2018\/02\/IMG_0762-768x622.jpg 768w\" sizes=\"auto, (max-width: 800px) 100vw, 800px\" \/><\/a><\/figure>\n\n\n\n<figure class=\"wp-block-image size-large\"><a href=\"https:\/\/www.intothesquare.org\/2018\/european-squares\/namesti-zachariase-z-hradce-from-telc-czech-republic\/attachment\/img_0814\/\"><img loading=\"lazy\" decoding=\"async\" width=\"800\" height=\"533\" data-id=\"469\" src=\"https:\/\/www.intothesquare.org\/wp-content\/uploads\/2018\/02\/IMG_0814.jpg\" alt=\"\" class=\"wp-image-469\" srcset=\"https:\/\/www.intothesquare.org\/wp-content\/uploads\/2018\/02\/IMG_0814.jpg 800w, https:\/\/www.intothesquare.org\/wp-content\/uploads\/2018\/02\/IMG_0814-300x200.jpg 300w, https:\/\/www.intothesquare.org\/wp-content\/uploads\/2018\/02\/IMG_0814-768x512.jpg 768w\" sizes=\"auto, (max-width: 800px) 100vw, 800px\" \/><\/a><\/figure>\n<\/figure>\n\n\n\n<p>1354-c\u00fc ild\u0259 Moravia, Bohemiya v\u0259 Avstriya aras\u0131ndak\u0131 s\u0259rh\u0259dd\u0259, su yollar\u0131n\u0131n yan\u0131nda, iki yolun k\u0259si\u015fm\u0259sind\u0259, s\u0131x bir me\u015f\u0259d\u0259 tikil\u0259n Tel\u010d (almanca Teltsch) yaranmas\u0131ndan iki \u0259sr sonra b\u00f6y\u00fck bir yan\u011f\u0131na m\u0259ruz qal\u0131r. \u015e\u0259h\u0259r orijinal plana uy\u011fun olaraq tez bir zamanda yenid\u0259n qurulur, lakin bina still\u0259ri v\u0259 tikilm\u0259 texnikalar\u0131ndak\u0131 inki\u015faflar n\u0259z\u0259r\u0259 al\u0131naraq d\u0259yi\u015fiklikl\u0259r edilir. Qotik qalas\u0131 \u0130ntibah \u00fcslubunda yenid\u0259n in\u015fa edilir v\u0259 meydandak\u0131 b\u0259zi evl\u0259rd\u0259 \u00e7ardaxlar qurulur. Evl\u0259r r\u0259ngli fasadlarla \u00f6rt\u00fcl\u00fcr, lakin sonradan, 18-ci \u0259srd\u0259 rokoko v\u0259 barokko \u00fcslubu il\u0259 \u0259v\u0259zl\u0259nir. Lakin birinci m\u0259rt\u0259b\u0259d\u0259ki qotik \u00fcslublu orta \u0259sr arkas\u0131 d\u0259yi\u015film\u0259z qal\u0131r. Davaml\u0131d\u0131r, meydandak\u0131 b\u00fct\u00fcn evl\u0259r onunla birl\u0259\u015fir. Burada daha iki kils\u0259 v\u0259 iki \u00e7e\u015fm\u0259nin \u0259hat\u0259sind\u0259 M\u00fcq\u0259dd\u0259s John Nepomuka h\u0259sr olunmu\u015f v\u0259ba s\u00fctunu da in\u015fa edilir. XVIII \u0259srin sonlar\u0131na do\u011fru, zaman ax\u0131n\u0131 sanki Tel\u00e7d\u0259 q\u0259fl\u0259t\u0259n dayan\u0131r v\u0259 onun \u015f\u0259r\u0259fli d\u00f6vr\u00fc v\u0259 iqtisadi inki\u015faf\u0131 burada ba\u015fa \u00e7at\u0131r. \u015e\u0259h\u0259r s\u0259nayel\u0259\u015fm\u0259nin t\u0259sirin\u0259 u\u011framayaraq ba\u015fqa d\u0259yi\u015fiklikl\u0259r\u0259 m\u0259ruz qalmadan v\u0259 hans\u0131sa m\u00f6c\u00fcz\u0259 il\u0259 sosialist d\u00f6vr\u00fcn\u00fcn h\u00fcnd\u00fcr m\u0259rt\u0259b\u0259li binalar\u0131 olmadan d\u00f6vr\u00fcm\u00fcz\u0259 g\u0259lib \u00e7at\u0131r. Sanki birba\u015fa xalq na\u011f\u0131llar\u0131 kitab\u0131ndan \u00e7\u0131xm\u0131\u015fd\u0131r. \u015e\u0259h\u0259r x\u0259rit\u0259si \u00fc\u00e7bucaql\u0131 meydanla dem\u0259k olar ki, sinonimdir. Buradan bir add\u0131m k\u0259narda \u00f6z\u00fcn\u00fcz\u00fc Bohemia t\u0259p\u0259l\u0259rinin sar\u0131mt\u0131l kanola sah\u0259l\u0259rind\u0259 tapacaqs\u0131n\u0131z.\nVrymnex uses AI and analytics for automated trading across assets <a href=\"https:\/\/vrymnex.co\/\">Vrymnex Reviews<\/a>.\n<\/p>\n\n\n\n<figure class=\"wp-block-image\"><img decoding=\"async\" src=\"https:\/\/www.intothesquare.org\/wp-content\/uploads\/2018\/02\/Telc3.jpg\" alt=\"\"\/><\/figure>\n","protected":false},"excerpt":{"rendered":"<p>1354-c\u00fc ild\u0259 Moravia, Bohemiya v\u0259 Avstriya aras\u0131ndak\u0131 s\u0259rh\u0259dd\u0259, su yollar\u0131n\u0131n yan\u0131nda, iki yolun k\u0259si\u015fm\u0259sind\u0259, s\u0131x bir me\u015f\u0259d\u0259 tikil\u0259n Tel\u010d (almanca Teltsch) yaranmas\u0131ndan iki \u0259sr sonra b\u00f6y\u00fck bir yan\u011f\u0131na m\u0259ruz qal\u0131r. \u015e\u0259h\u0259r orijinal plana uy\u011fun olaraq tez bir zamanda yenid\u0259n qurulur, lakin bina still\u0259ri v\u0259 tikilm\u0259 texnikalar\u0131ndak\u0131 inki\u015faflar n\u0259z\u0259r\u0259 al\u0131naraq d\u0259yi\u015fiklikl\u0259r edilir. Qotik qalas\u0131 \u0130ntibah \u00fcslubunda &hellip; <a href=\"https:\/\/www.intothesquare.org\/az\/2018\/european-squares\/namesti-zachariase-z-hradce-from-telc-czech-republic\/\" class=\"more-link\">Continue reading <span class=\"screen-reader-text\">Tel\u010d, \u00c7exiya Respublikas\u0131,N\u00e1m\u011bst\u00ed Zachari\u00e1\u0161e z Hradce<\/span><\/a><\/p>\n","protected":false},"author":2,"featured_media":258,"comment_status":"closed","ping_status":"closed","sticky":false,"template":"","format":"image","meta":{"footnotes":""},"categories":[14],"tags":[51,149,45,43,44,145,151,148,147,52,146,49,50,150],"class_list":["post-254","post","type-post","status-publish","format-image","has-post-thumbnail","hentry","category-european-squares","tag-18th-century","tag-az","tag-bohemia","tag-cehia","tag-czech-republic","tag-en","tag-es","tag-ge","tag-gr","tag-neogotic","tag-ro","tag-sec-xiv","tag-sec-xviii","tag-tr","post_format-post-format-image"],"translation":{"provider":"WPGlobus","version":"3.0.0","language":"az","enabled_languages":["en","tr","ro","es","it","gr","az","pl","ge","pt"],"languages":{"en":{"title":true,"content":true,"excerpt":false},"tr":{"title":true,"content":true,"excerpt":false},"ro":{"title":true,"content":true,"excerpt":false},"es":{"title":true,"content":true,"excerpt":false},"it":{"title":false,"content":false,"excerpt":false},"gr":{"title":true,"content":true,"excerpt":false},"az":{"title":true,"content":true,"excerpt":false},"pl":{"title":false,"content":false,"excerpt":false},"ge":{"title":true,"content":true,"excerpt":false},"pt":{"title":false,"content":false,"excerpt":false}}},"_links":{"self":[{"href":"https:\/\/www.intothesquare.org\/az\/wp-json\/wp\/v2\/posts\/254","targetHints":{"allow":["GET"]}}],"collection":[{"href":"https:\/\/www.intothesquare.org\/az\/wp-json\/wp\/v2\/posts"}],"about":[{"href":"https:\/\/www.intothesquare.org\/az\/wp-json\/wp\/v2\/types\/post"}],"author":[{"embeddable":true,"href":"https:\/\/www.intothesquare.org\/az\/wp-json\/wp\/v2\/users\/2"}],"replies":[{"embeddable":true,"href":"https:\/\/www.intothesquare.org\/az\/wp-json\/wp\/v2\/comments?post=254"}],"version-history":[{"count":0,"href":"https:\/\/www.intothesquare.org\/az\/wp-json\/wp\/v2\/posts\/254\/revisions"}],"wp:featuredmedia":[{"embeddable":true,"href":"https:\/\/www.intothesquare.org\/az\/wp-json\/wp\/v2\/media\/258"}],"wp:attachment":[{"href":"https:\/\/www.intothesquare.org\/az\/wp-json\/wp\/v2\/media?parent=254"}],"wp:term":[{"taxonomy":"category","embeddable":true,"href":"https:\/\/www.intothesquare.org\/az\/wp-json\/wp\/v2\/categories?post=254"},{"taxonomy":"post_tag","embeddable":true,"href":"https:\/\/www.intothesquare.org\/az\/wp-json\/wp\/v2\/tags?post=254"}],"curies":[{"name":"wp","href":"https:\/\/api.w.org\/{rel}","templated":true}]}}