{"id":262,"date":"2018-02-11T19:29:11","date_gmt":"2018-02-11T17:29:11","guid":{"rendered":"http:\/\/www.intothesquare.org\/?p=262"},"modified":"2024-04-26T23:09:35","modified_gmt":"2024-04-26T20:09:35","slug":"hlavne-namestie-from-kosice-slovakia","status":"publish","type":"post","link":"https:\/\/www.intothesquare.org\/az\/2018\/european-squares\/hlavne-namestie-from-kosice-slovakia\/","title":{"rendered":"Ko\u0161ice, Slovakiya, Hlavn\u00e9 n\u00e1mestie\u00a0"},"content":{"rendered":"\n<figure class=\"wp-block-gallery has-nested-images columns-4 is-cropped wp-block-gallery-1 is-layout-flex wp-block-gallery-is-layout-flex\">\n<figure class=\"wp-block-image size-large\"><a href=\"https:\/\/www.intothesquare.org\/2018\/european-squares\/hlavne-namestie-from-kosice-slovakia\/attachment\/img_6598\/\"><img loading=\"lazy\" decoding=\"async\" width=\"600\" height=\"878\" data-id=\"506\" src=\"https:\/\/www.intothesquare.org\/wp-content\/uploads\/2018\/02\/IMG_6598.jpg\" alt=\"\" class=\"wp-image-506\" srcset=\"https:\/\/www.intothesquare.org\/wp-content\/uploads\/2018\/02\/IMG_6598.jpg 600w, https:\/\/www.intothesquare.org\/wp-content\/uploads\/2018\/02\/IMG_6598-205x300.jpg 205w\" sizes=\"auto, (max-width: 600px) 100vw, 600px\" \/><\/a><\/figure>\n\n\n\n<figure class=\"wp-block-image size-large\"><a href=\"https:\/\/www.intothesquare.org\/2018\/european-squares\/hlavne-namestie-from-kosice-slovakia\/attachment\/img_6634\/\"><img loading=\"lazy\" decoding=\"async\" width=\"800\" height=\"494\" data-id=\"507\" src=\"https:\/\/www.intothesquare.org\/wp-content\/uploads\/2018\/02\/IMG_6634.jpg\" alt=\"\" class=\"wp-image-507\" srcset=\"https:\/\/www.intothesquare.org\/wp-content\/uploads\/2018\/02\/IMG_6634.jpg 800w, https:\/\/www.intothesquare.org\/wp-content\/uploads\/2018\/02\/IMG_6634-300x185.jpg 300w, https:\/\/www.intothesquare.org\/wp-content\/uploads\/2018\/02\/IMG_6634-768x474.jpg 768w\" sizes=\"auto, (max-width: 800px) 100vw, 800px\" \/><\/a><\/figure>\n\n\n\n<figure class=\"wp-block-image size-large\"><a href=\"https:\/\/www.intothesquare.org\/2018\/european-squares\/hlavne-namestie-from-kosice-slovakia\/attachment\/img_6691\/\"><img loading=\"lazy\" decoding=\"async\" width=\"600\" height=\"900\" data-id=\"508\" src=\"https:\/\/www.intothesquare.org\/wp-content\/uploads\/2018\/02\/IMG_6691.jpg\" alt=\"\" class=\"wp-image-508\" srcset=\"https:\/\/www.intothesquare.org\/wp-content\/uploads\/2018\/02\/IMG_6691.jpg 600w, https:\/\/www.intothesquare.org\/wp-content\/uploads\/2018\/02\/IMG_6691-200x300.jpg 200w\" sizes=\"auto, (max-width: 600px) 100vw, 600px\" \/><\/a><\/figure>\n\n\n\n<figure class=\"wp-block-image size-large\"><a href=\"https:\/\/www.intothesquare.org\/2018\/european-squares\/hlavne-namestie-from-kosice-slovakia\/attachment\/img_6708\/\"><img loading=\"lazy\" decoding=\"async\" width=\"800\" height=\"474\" data-id=\"509\" src=\"https:\/\/www.intothesquare.org\/wp-content\/uploads\/2018\/02\/IMG_6708.jpg\" alt=\"\" class=\"wp-image-509\" srcset=\"https:\/\/www.intothesquare.org\/wp-content\/uploads\/2018\/02\/IMG_6708.jpg 800w, https:\/\/www.intothesquare.org\/wp-content\/uploads\/2018\/02\/IMG_6708-300x178.jpg 300w, https:\/\/www.intothesquare.org\/wp-content\/uploads\/2018\/02\/IMG_6708-768x455.jpg 768w\" sizes=\"auto, (max-width: 800px) 100vw, 800px\" \/><\/a><\/figure>\n<\/figure>\n\n\n\n<p><em>Hlavn\u00e9 n\u00e1mestie<\/em> Slovak dilind\u0259 B\u00f6y\u00fck Meydan dem\u0259kdir, ancaq bu \u015f\u0259h\u0259rin v\u0259 onun m\u0259rk\u0259zi meydan\u0131n\u0131n erk\u0259n tarixi 13-c\u00fc \u0259srin ortalar\u0131nda Macar\u0131stan Kral\u0131 IV Belan\u0131n d\u0259v\u0259ti il\u0259 buraya g\u0259l\u0259n Alman kolonistl\u0259ri il\u0259 ba\u011fl\u0131d\u0131r. Ko\u0161ice \u015f\u0259h\u0259ri (almanca Kaschau, macarca Kassa v\u0259 q\u0259dim rum\u0131n salnam\u0259l\u0259rind\u0259 Ka\u015fovia adland\u0131r\u0131l\u0131b) Baltik d\u0259nizini Qara d\u0259niz\u0259, Pol\u015fan\u0131 Transilvaniyaya, \u015e\u0259rqi Avropan\u0131 C\u0259nubi Avropaya birl\u0259\u015fdir\u0259n b\u00f6y\u00fck ticar\u0259t yollar\u0131n\u0131n k\u0259si\u015fm\u0259sind\u0259 yerl\u0259\u015fmi\u015fdir. Onun \u015f\u0259h\u0259r hiss\u0259si \u00e7ox diqq\u0259tl\u0259 planla\u015fd\u0131r\u0131lm\u0131\u015fd\u0131r. \u015eimaldan c\u0259nuba do\u011fru uzanan \u00fc\u00e7 paralel yol, orta yolu \u0259sas \u015f\u0259rq-q\u0259rb arteriyas\u0131nda qar\u015f\u0131la\u015f\u0131b dahada geni\u015fl\u0259n\u0259r\u0259k, x\u00fcsusi lens formal\u0131 bir meydan \u0259m\u0259l\u0259 g\u0259tirir. Lens formas\u0131 \u0259vv\u0259ll\u0259r ticar\u0259t yarmarkas\u0131 kimi f\u0259aliyy\u0259t g\u00f6st\u0259m\u0259si bir b\u00f6lg\u0259d\u0259ki meydan\u0131n in\u015fas\u0131ndan qaynaqlan\u0131r. Ticar\u0259t yarmarkas\u0131, yolun geni\u015fl\u0259nmi\u015f hiss\u0259sind\u0259, qala il\u0259 manastr\u0131n aras\u0131nda, ba\u015fqa binalar tikilm\u0259d\u0259n \u00f6nc\u0259 in\u015fa edilmi\u015fdi. Formas\u0131 eyni zamanda, s\u0259rh\u0259dl\u0259ri bu g\u00fcnk\u00fc meydan\u0131n s\u0259rh\u0259dl\u0259ri olan iki f\u0259rqli 13-c\u00fc \u0259srd\u0259n \u0259vv\u0259lki ya\u015fay\u0131\u015f m\u0259nt\u0259q\u0259sinin tipik <em>sinoykizm<\/em> prosesi il\u0259 birl\u0259\u015fm\u0259sind\u0259n d\u0259 ir\u0259li g\u0259lir. Bu iki oxun k\u0259si\u015fdiyi m\u0259rk\u0259zd\u0259 Alman kolonistl\u0259ri bir kils\u0259 qurdular. XIV \u0259srd\u0259 bu kils\u0259 bu g\u00fcn\u0259 q\u0259d\u0259r Slovakiyada \u0259n b\u00f6y\u00fck kils\u0259 olan qot \u00fcslubundak\u0131 M\u00fcq\u0259dd\u0259s Elizabet Kafedral\u0131 il\u0259 \u0259v\u0259z olundu. H\u0259r ikisi d\u0259 qot \u00fcslubunda olan yeddi tonluq z\u0259ngi olan M\u00fcq\u0259dd\u0259s Urban q\u00fcll\u0259si v\u0259 M\u00fcq\u0259dd\u0259s Maykl \u0130bad\u0259tgah\u0131 14-c\u00fc \u0259srd\u0259 in\u015fa edilmi\u015fdir v\u0259 Kafedralin yan\u0131nda b\u0259nz\u0259rsiz v\u0259 vahid bir b\u00fct\u00f6v yarad\u0131r. Neo-barok \u00fcslubunun incisi olan teatr\u0131n in\u015fas\u0131 1899-cu ild\u0259 tamamland\u0131. Qot \u00fcslublu evl\u0259r, \u0130ntibah v\u0259 Barok \u00fcslublu saraylar v\u0259 Art Nouveau binalar\u0131 meydan\u0131n perimetrini m\u00fc\u0259yy\u0259nl\u0259\u015fdirir. K\u00f6hn\u0259 \u015f\u0259h\u0259r divarlar\u0131n\u0131n konturlar\u0131 qon\u015fu k\u00fc\u00e7\u0259l\u0259rin dair\u0259vi yollar\u0131 boyunca ayd\u0131n g\u00f6r\u00fcn\u00fcr. Ko\u0161ice&#8217;nin lens formal\u0131 meydan\u0131, \u015f\u0259rqi Slovakiyaya xas olan \u0259n b\u00f6y\u00fck v\u0259 \u0259n \u0259laq\u0259li \u015f\u0259h\u0259r ansambl\u0131n\u0131 t\u0259\u015fkil edir.<\/p>\n\n\n\n<figure class=\"wp-block-image\"><img loading=\"lazy\" decoding=\"async\" width=\"1417\" height=\"1063\" src=\"https:\/\/i1.wp.com\/www.intothesquare.org\/wp-content\/uploads\/2019\/06\/DJI_0042-1.jpg?fit=660%2C495\" alt=\"\" class=\"wp-image-1656\" srcset=\"https:\/\/www.intothesquare.org\/wp-content\/uploads\/2019\/06\/DJI_0042-1.jpg 1417w, https:\/\/www.intothesquare.org\/wp-content\/uploads\/2019\/06\/DJI_0042-1-300x225.jpg 300w, https:\/\/www.intothesquare.org\/wp-content\/uploads\/2019\/06\/DJI_0042-1-1024x768.jpg 1024w, https:\/\/www.intothesquare.org\/wp-content\/uploads\/2019\/06\/DJI_0042-1-768x576.jpg 768w\" sizes=\"auto, (max-width: 1417px) 100vw, 1417px\" \/><\/figure>\n","protected":false},"excerpt":{"rendered":"<p>Hlavn\u00e9 n\u00e1mestie Slovak dilind\u0259 B\u00f6y\u00fck Meydan dem\u0259kdir, ancaq bu \u015f\u0259h\u0259rin v\u0259 onun m\u0259rk\u0259zi meydan\u0131n\u0131n erk\u0259n tarixi 13-c\u00fc \u0259srin ortalar\u0131nda Macar\u0131stan Kral\u0131 IV Belan\u0131n d\u0259v\u0259ti il\u0259 buraya g\u0259l\u0259n Alman kolonistl\u0259ri il\u0259 ba\u011fl\u0131d\u0131r. Ko\u0161ice \u015f\u0259h\u0259ri (almanca Kaschau, macarca Kassa v\u0259 q\u0259dim rum\u0131n salnam\u0259l\u0259rind\u0259 Ka\u015fovia adland\u0131r\u0131l\u0131b) Baltik d\u0259nizini Qara d\u0259niz\u0259, Pol\u015fan\u0131 Transilvaniyaya, \u015e\u0259rqi Avropan\u0131 C\u0259nubi Avropaya birl\u0259\u015fdir\u0259n b\u00f6y\u00fck &hellip; <a href=\"https:\/\/www.intothesquare.org\/az\/2018\/european-squares\/hlavne-namestie-from-kosice-slovakia\/\" class=\"more-link\">Continue reading <span class=\"screen-reader-text\">Ko\u0161ice, Slovakiya, Hlavn\u00e9 n\u00e1mestie\u00a0<\/span><\/a><\/p>\n","protected":false},"author":2,"featured_media":263,"comment_status":"closed","ping_status":"closed","sticky":false,"template":"","format":"image","meta":{"footnotes":""},"categories":[14],"tags":[36,42,149,55,145,151,38,54,146,35,53],"class_list":["post-262","post","type-post","status-publish","format-image","has-post-thumbnail","hentry","category-european-squares","tag-13th-century","tag-arhitectura-baroca","tag-az","tag-casovia","tag-en","tag-es","tag-holy-roman-empire","tag-international-gotic","tag-ro","tag-sec-xiii","tag-slovakia","post_format-post-format-image"],"translation":{"provider":"WPGlobus","version":"3.0.0","language":"az","enabled_languages":["en","tr","ro","es","it","gr","az","pl","ge","pt"],"languages":{"en":{"title":true,"content":true,"excerpt":false},"tr":{"title":false,"content":false,"excerpt":false},"ro":{"title":true,"content":true,"excerpt":false},"es":{"title":true,"content":true,"excerpt":false},"it":{"title":false,"content":false,"excerpt":false},"gr":{"title":false,"content":false,"excerpt":false},"az":{"title":true,"content":true,"excerpt":false},"pl":{"title":false,"content":false,"excerpt":false},"ge":{"title":false,"content":false,"excerpt":false},"pt":{"title":false,"content":false,"excerpt":false}}},"_links":{"self":[{"href":"https:\/\/www.intothesquare.org\/az\/wp-json\/wp\/v2\/posts\/262","targetHints":{"allow":["GET"]}}],"collection":[{"href":"https:\/\/www.intothesquare.org\/az\/wp-json\/wp\/v2\/posts"}],"about":[{"href":"https:\/\/www.intothesquare.org\/az\/wp-json\/wp\/v2\/types\/post"}],"author":[{"embeddable":true,"href":"https:\/\/www.intothesquare.org\/az\/wp-json\/wp\/v2\/users\/2"}],"replies":[{"embeddable":true,"href":"https:\/\/www.intothesquare.org\/az\/wp-json\/wp\/v2\/comments?post=262"}],"version-history":[{"count":0,"href":"https:\/\/www.intothesquare.org\/az\/wp-json\/wp\/v2\/posts\/262\/revisions"}],"wp:featuredmedia":[{"embeddable":true,"href":"https:\/\/www.intothesquare.org\/az\/wp-json\/wp\/v2\/media\/263"}],"wp:attachment":[{"href":"https:\/\/www.intothesquare.org\/az\/wp-json\/wp\/v2\/media?parent=262"}],"wp:term":[{"taxonomy":"category","embeddable":true,"href":"https:\/\/www.intothesquare.org\/az\/wp-json\/wp\/v2\/categories?post=262"},{"taxonomy":"post_tag","embeddable":true,"href":"https:\/\/www.intothesquare.org\/az\/wp-json\/wp\/v2\/tags?post=262"}],"curies":[{"name":"wp","href":"https:\/\/api.w.org\/{rel}","templated":true}]}}