{"id":272,"date":"2018-02-11T19:49:31","date_gmt":"2018-02-11T17:49:31","guid":{"rendered":"http:\/\/www.intothesquare.org\/?p=272"},"modified":"2024-04-26T23:08:40","modified_gmt":"2024-04-26T20:08:40","slug":"tartinijev-trg-from-piran-slovenia","status":"publish","type":"post","link":"https:\/\/www.intothesquare.org\/az\/2018\/european-squares\/tartinijev-trg-from-piran-slovenia\/","title":{"rendered":"Piran, Sloveniya, Tartini Meydan\u0131"},"content":{"rendered":"<p>M\u0259\u015fhur <em>&#8220;Il trillo del diavolo&#8221;<\/em> (\u015eeytan Sonat\u0131) \u0259s\u0259rinin m\u00fc\u0259llifi C\u00fczeppe Tartini bu liman \u015f\u0259h\u0259rind\u0259 anadan olmu\u015fdur, daha sonra is\u0259 bu yer Venesiya Respublikas\u0131n\u0131n bir hiss\u0259si olub Pirano kimi &nbsp;an\u0131lm\u0131\u015fd\u0131r. Piran meydan\u0131 onun ad\u0131n\u0131 da\u015f\u0131y\u0131r v\u0259 b\u0259st\u0259kar\u0131n do\u011fma evi meydan\u0131n bir t\u0259r\u0259find\u0259 yerl\u0259\u015fir. Tartini Meydan\u0131 yarand\u0131\u011f\u0131 vaxtdan meydan olaraq m\u00f6vcud olmam\u0131\u015fd\u0131; \u0259vv\u0259ll\u0259r o, Adriatik d\u0259nizind\u0259 bal\u0131q ovu il\u0259 m\u0259\u015f\u011ful olan t\u0259kn\u0259 v\u0259 g\u0259mil\u0259r \u00fc\u00e7\u00fcn bo\u015faltma b\u0259r\u0259si olaraq xidm\u0259t etmi\u015fdi. Zamanla b\u0259r\u0259nin yax\u0131nl\u0131\u011f\u0131da yeni yerl\u0259r v\u0259 g\u00f6z\u0259l inzibati binalar \u00e7oxalma\u011fa ba\u015flad\u0131. Bu yerin \u0259h\u0259miyy\u0259ti artd\u0131qca, hakimiyy\u0259t 1894-c\u00fc ild\u0259 ki\u00e7ik k\u00f6rf\u0259zi silib yerind\u0259 s\u00f6z\u00fc ged\u0259n meydan qurma\u011f\u0131 q\u0259rara ald\u0131. \u0130ki il sonra burada m\u0259rk\u0259zi n\u00f6qt\u0259 kimi d\u00fc\u015f\u00fcn\u00fcl\u0259n Tartini heyk\u0259li ucald\u0131. M\u00fcq\u0259dd\u0259s Corce kils\u0259sinin ucald\u0131\u011f\u0131 t\u0259p\u0259d\u0259 Venesiyadak\u0131n\u0131n eynisi olan z\u0259ng q\u00fcll\u0259si il\u0259 meydan \u00f6z\u00fcn\u00fcn uy\u011fun v\u0259 u\u011furlu t\u0259\u015fkil olunmu\u015f, forma v\u0259 nisb\u0259t balans\u0131 il\u0259 harmoniya t\u0259\u015fkil ed\u0259n canl\u0131 bir m\u0259kand\u0131r.<\/p>\n\n\n<figure class=\"wp-block-image\"><img loading=\"lazy\" decoding=\"async\" width=\"1024\" height=\"576\" src=\"https:\/\/www.intothesquare.org\/wp-content\/uploads\/2019\/06\/DJI_0032-1-1024x576.jpg\" alt=\"\" class=\"wp-image-1639\" srcset=\"https:\/\/www.intothesquare.org\/wp-content\/uploads\/2019\/06\/DJI_0032-1-1024x576.jpg 1024w, https:\/\/www.intothesquare.org\/wp-content\/uploads\/2019\/06\/DJI_0032-1-300x169.jpg 300w, https:\/\/www.intothesquare.org\/wp-content\/uploads\/2019\/06\/DJI_0032-1-768x432.jpg 768w, https:\/\/www.intothesquare.org\/wp-content\/uploads\/2019\/06\/DJI_0032-1.jpg 1417w\" sizes=\"auto, (max-width: 1024px) 100vw, 1024px\" \/><\/figure>\n","protected":false},"excerpt":{"rendered":"<p>M\u0259\u015fhur &#8220;Il trillo del diavolo&#8221; (\u015eeytan Sonat\u0131) \u0259s\u0259rinin m\u00fc\u0259llifi C\u00fczeppe Tartini bu liman \u015f\u0259h\u0259rind\u0259 anadan olmu\u015fdur, daha sonra is\u0259 bu yer Venesiya Respublikas\u0131n\u0131n bir hiss\u0259si olub Pirano kimi &nbsp;an\u0131lm\u0131\u015fd\u0131r. Piran meydan\u0131 onun ad\u0131n\u0131 da\u015f\u0131y\u0131r v\u0259 b\u0259st\u0259kar\u0131n do\u011fma evi meydan\u0131n bir t\u0259r\u0259find\u0259 yerl\u0259\u015fir. Tartini Meydan\u0131 yarand\u0131\u011f\u0131 vaxtdan meydan olaraq m\u00f6vcud olmam\u0131\u015fd\u0131; \u0259vv\u0259ll\u0259r o, Adriatik d\u0259nizind\u0259 bal\u0131q &hellip; <a href=\"https:\/\/www.intothesquare.org\/az\/2018\/european-squares\/tartinijev-trg-from-piran-slovenia\/\" class=\"more-link\">Continue reading <span class=\"screen-reader-text\">Piran, Sloveniya, Tartini Meydan\u0131<\/span><\/a><\/p>\n","protected":false},"author":2,"featured_media":273,"comment_status":"closed","ping_status":"closed","sticky":false,"template":"","format":"image","meta":{"footnotes":""},"categories":[14],"tags":[149,145,151,148,147,62,61,146,58,150,60],"class_list":["post-272","post","type-post","status-publish","format-image","has-post-thumbnail","hentry","category-european-squares","tag-az","tag-en","tag-es","tag-ge","tag-gr","tag-mediterranean-cities","tag-republic-of-venice","tag-ro","tag-slovenia","tag-tr","tag-venice","post_format-post-format-image"],"translation":{"provider":"WPGlobus","version":"3.0.0","language":"az","enabled_languages":["en","tr","ro","es","it","gr","az","pl","ge","pt"],"languages":{"en":{"title":true,"content":true,"excerpt":false},"tr":{"title":true,"content":true,"excerpt":false},"ro":{"title":true,"content":true,"excerpt":false},"es":{"title":true,"content":true,"excerpt":false},"it":{"title":false,"content":false,"excerpt":false},"gr":{"title":true,"content":true,"excerpt":false},"az":{"title":true,"content":true,"excerpt":false},"pl":{"title":false,"content":false,"excerpt":false},"ge":{"title":true,"content":true,"excerpt":false},"pt":{"title":false,"content":false,"excerpt":false}}},"_links":{"self":[{"href":"https:\/\/www.intothesquare.org\/az\/wp-json\/wp\/v2\/posts\/272","targetHints":{"allow":["GET"]}}],"collection":[{"href":"https:\/\/www.intothesquare.org\/az\/wp-json\/wp\/v2\/posts"}],"about":[{"href":"https:\/\/www.intothesquare.org\/az\/wp-json\/wp\/v2\/types\/post"}],"author":[{"embeddable":true,"href":"https:\/\/www.intothesquare.org\/az\/wp-json\/wp\/v2\/users\/2"}],"replies":[{"embeddable":true,"href":"https:\/\/www.intothesquare.org\/az\/wp-json\/wp\/v2\/comments?post=272"}],"version-history":[{"count":0,"href":"https:\/\/www.intothesquare.org\/az\/wp-json\/wp\/v2\/posts\/272\/revisions"}],"wp:featuredmedia":[{"embeddable":true,"href":"https:\/\/www.intothesquare.org\/az\/wp-json\/wp\/v2\/media\/273"}],"wp:attachment":[{"href":"https:\/\/www.intothesquare.org\/az\/wp-json\/wp\/v2\/media?parent=272"}],"wp:term":[{"taxonomy":"category","embeddable":true,"href":"https:\/\/www.intothesquare.org\/az\/wp-json\/wp\/v2\/categories?post=272"},{"taxonomy":"post_tag","embeddable":true,"href":"https:\/\/www.intothesquare.org\/az\/wp-json\/wp\/v2\/tags?post=272"}],"curies":[{"name":"wp","href":"https:\/\/api.w.org\/{rel}","templated":true}]}}