{"id":2746,"date":"2020-05-08T18:08:42","date_gmt":"2020-05-08T15:08:42","guid":{"rendered":"http:\/\/www.intothesquare.org\/?p=2746"},"modified":"2024-04-26T22:24:23","modified_gmt":"2024-04-26T19:24:23","slug":"ploshcead-sveti-aleksandar-nevski-from-sofia-bulgaria","status":"publish","type":"post","link":"https:\/\/www.intothesquare.org\/az\/2020\/european-squares\/ploshcead-sveti-aleksandar-nevski-from-sofia-bulgaria\/","title":{"rendered":"Sofiya, Bolqar\u0131stan, M\u00fcq\u0259dd\u0259s Aleksandr Nevski Meydan\u0131"},"content":{"rendered":"\n<p>Bolqar\u0131stan 1878-ci ild\u0259 m\u00fcst\u0259qillik \u0259ld\u0259 etdiyind\u0259n q\u0131sa bir m\u00fcdd\u0259t sonra Sofiyada in\u015fa edil\u0259c\u0259k \u0259z\u0259m\u0259tli bir kafedral \u00fc\u00e7\u00fcn planlara ba\u015flan\u0131ld\u0131. Onun t\u0259m\u0259l da\u015f\u0131 1882-ci ild\u0259 qoyuldu. Kafedral, Rus \u0259sg\u0259rl\u0259rinin xatir\u0259sin\u0259, M\u00fcq\u0259dd\u0259s Aleksandr Nevskiy\u0259 h\u0259sr edildi. Kafedral\u0131n \u0259traf\u0131nda Balkanlar\u0131n ilk m\u00fcasir meydanlar\u0131ndan biri formala\u015fma\u011fa ba\u015flad\u0131. Bu g\u00fcn bu yer b\u00f6y\u00fck simvolik \u0259h\u0259miyy\u0259t\u0259 malik bir m\u0259kand\u0131r, \u00e7\u00fcnki burada h\u0259m\u00e7inin, \u015f\u0259h\u0259r\u0259 ad\u0131 veril\u0259n bir az ki\u00e7ik \u00f6l\u00e7\u00fcl\u00fc, lakin kifay\u0259t q\u0259d\u0259r q\u0259dim olan (IV-VI \u0259srl\u0259r) M\u00fcq\u0259dd\u0259s Sofiya kils\u0259si yerl\u0259\u015fir.<\/p>\n\n\n\n<figure class=\"wp-block-image size-large\"><img loading=\"lazy\" decoding=\"async\" width=\"1024\" height=\"634\" src=\"https:\/\/www.intothesquare.org\/wp-content\/uploads\/2020\/05\/DJI_0006-1024x634.jpg\" alt=\"\" class=\"wp-image-2747\" srcset=\"https:\/\/www.intothesquare.org\/wp-content\/uploads\/2020\/05\/DJI_0006-1024x634.jpg 1024w, https:\/\/www.intothesquare.org\/wp-content\/uploads\/2020\/05\/DJI_0006-300x186.jpg 300w, https:\/\/www.intothesquare.org\/wp-content\/uploads\/2020\/05\/DJI_0006-768x475.jpg 768w, https:\/\/www.intothesquare.org\/wp-content\/uploads\/2020\/05\/DJI_0006-825x510.jpg 825w, https:\/\/www.intothesquare.org\/wp-content\/uploads\/2020\/05\/DJI_0006.jpg 1296w\" sizes=\"auto, (max-width: 1024px) 100vw, 1024px\" \/><\/figure>\n","protected":false},"excerpt":{"rendered":"<p>Bolqar\u0131stan 1878-ci ild\u0259 m\u00fcst\u0259qillik \u0259ld\u0259 etdiyind\u0259n q\u0131sa bir m\u00fcdd\u0259t sonra Sofiyada in\u015fa edil\u0259c\u0259k \u0259z\u0259m\u0259tli bir kafedral \u00fc\u00e7\u00fcn planlara ba\u015flan\u0131ld\u0131. Onun t\u0259m\u0259l da\u015f\u0131 1882-ci ild\u0259 qoyuldu. Kafedral, Rus \u0259sg\u0259rl\u0259rinin xatir\u0259sin\u0259, M\u00fcq\u0259dd\u0259s Aleksandr Nevskiy\u0259 h\u0259sr edildi. Kafedral\u0131n \u0259traf\u0131nda Balkanlar\u0131n ilk m\u00fcasir meydanlar\u0131ndan biri formala\u015fma\u011fa ba\u015flad\u0131. Bu g\u00fcn bu yer b\u00f6y\u00fck simvolik \u0259h\u0259miyy\u0259t\u0259 malik bir m\u0259kand\u0131r, \u00e7\u00fcnki burada &hellip; <a href=\"https:\/\/www.intothesquare.org\/az\/2020\/european-squares\/ploshcead-sveti-aleksandar-nevski-from-sofia-bulgaria\/\" class=\"more-link\">Continue reading <span class=\"screen-reader-text\">Sofiya, Bolqar\u0131stan, M\u00fcq\u0259dd\u0259s Aleksandr Nevski Meydan\u0131<\/span><\/a><\/p>\n","protected":false},"author":3,"featured_media":2747,"comment_status":"closed","ping_status":"closed","sticky":false,"template":"","format":"standard","meta":{"footnotes":""},"categories":[14],"tags":[149,145,148,147,146,150],"class_list":["post-2746","post","type-post","status-publish","format-standard","has-post-thumbnail","hentry","category-european-squares","tag-az","tag-en","tag-ge","tag-gr","tag-ro","tag-tr"],"translation":{"provider":"WPGlobus","version":"3.0.0","language":"az","enabled_languages":["en","tr","ro","es","it","gr","az","pl","ge","pt"],"languages":{"en":{"title":true,"content":true,"excerpt":false},"tr":{"title":true,"content":true,"excerpt":false},"ro":{"title":true,"content":true,"excerpt":false},"es":{"title":false,"content":false,"excerpt":false},"it":{"title":false,"content":false,"excerpt":false},"gr":{"title":true,"content":true,"excerpt":false},"az":{"title":true,"content":true,"excerpt":false},"pl":{"title":false,"content":false,"excerpt":false},"ge":{"title":true,"content":true,"excerpt":false},"pt":{"title":false,"content":false,"excerpt":false}}},"_links":{"self":[{"href":"https:\/\/www.intothesquare.org\/az\/wp-json\/wp\/v2\/posts\/2746","targetHints":{"allow":["GET"]}}],"collection":[{"href":"https:\/\/www.intothesquare.org\/az\/wp-json\/wp\/v2\/posts"}],"about":[{"href":"https:\/\/www.intothesquare.org\/az\/wp-json\/wp\/v2\/types\/post"}],"author":[{"embeddable":true,"href":"https:\/\/www.intothesquare.org\/az\/wp-json\/wp\/v2\/users\/3"}],"replies":[{"embeddable":true,"href":"https:\/\/www.intothesquare.org\/az\/wp-json\/wp\/v2\/comments?post=2746"}],"version-history":[{"count":0,"href":"https:\/\/www.intothesquare.org\/az\/wp-json\/wp\/v2\/posts\/2746\/revisions"}],"wp:featuredmedia":[{"embeddable":true,"href":"https:\/\/www.intothesquare.org\/az\/wp-json\/wp\/v2\/media\/2747"}],"wp:attachment":[{"href":"https:\/\/www.intothesquare.org\/az\/wp-json\/wp\/v2\/media?parent=2746"}],"wp:term":[{"taxonomy":"category","embeddable":true,"href":"https:\/\/www.intothesquare.org\/az\/wp-json\/wp\/v2\/categories?post=2746"},{"taxonomy":"post_tag","embeddable":true,"href":"https:\/\/www.intothesquare.org\/az\/wp-json\/wp\/v2\/tags?post=2746"}],"curies":[{"name":"wp","href":"https:\/\/api.w.org\/{rel}","templated":true}]}}