{"id":2774,"date":"2020-05-08T18:34:03","date_gmt":"2020-05-08T15:34:03","guid":{"rendered":"http:\/\/www.intothesquare.org\/?p=2774"},"modified":"2024-04-26T22:22:05","modified_gmt":"2024-04-26T19:22:05","slug":"trg-andrea-antico-from-motovun-croatia","status":"publish","type":"post","link":"https:\/\/www.intothesquare.org\/az\/2020\/european-squares\/trg-andrea-antico-from-motovun-croatia\/","title":{"rendered":"Motovun, Xorvatiya, Andrea Antiko Meydan\u0131"},"content":{"rendered":"\n<p>Motovun \u015f\u0259h\u0259rind\u0259ki (italyanca \u201eMontona\u201d) Andrea Antiko meydan\u0131 bu ki\u00e7ik t\u0259p\u0259 \u015f\u0259h\u0259rcikd\u0259 yegan\u0259 yast\u0131 v\u0259 d\u00fcz yerdir. Etrusklar t\u0259p\u0259l\u0259rin zirv\u0259sind\u0259 \u015f\u0259h\u0259rl\u0259r salan yegan\u0259 insanlar olmay\u0131blar: bu n\u00fcmun\u0259l\u0259r\u0259 indiki Xorvatiyada yerl\u0259\u015f\u0259n \u0130striya Yar\u0131madas\u0131nda da rast g\u0259l\u0259 bil\u0259rik. Motovun is\u0259 dar k\u00fc\u00e7\u0259l\u0259ri v\u0259 dar m\u0259kanlar\u0131ndan s\u0259m\u0259r\u0259li istifad\u0259 edilm\u0259sil\u0259 meydanlar aras\u0131nda \u0259n g\u00f6z\u0259lidir. Qo\u015fa istehkamlar\u0131n\u0131n v\u0259 \u015f\u0259h\u0259r qurulu\u015funun tarixi Venesiya d\u00f6vr\u00fcn\u0259 aiddir, \u015f\u0259h\u0259rin ki\u00e7ik meydan\u0131 is\u0259 qalanlar\u0131ndan f\u0259rqli olaraq b\u00f6y\u00fck g\u00f6r\u00fcn\u00fcr.<\/p>\n\n\n\n<figure class=\"wp-block-image size-large\"><img loading=\"lazy\" decoding=\"async\" width=\"1024\" height=\"634\" src=\"https:\/\/www.intothesquare.org\/wp-content\/uploads\/2020\/05\/DJI_0108-1024x634.jpg\" alt=\"\" class=\"wp-image-2776\" srcset=\"https:\/\/www.intothesquare.org\/wp-content\/uploads\/2020\/05\/DJI_0108-1024x634.jpg 1024w, https:\/\/www.intothesquare.org\/wp-content\/uploads\/2020\/05\/DJI_0108-300x186.jpg 300w, https:\/\/www.intothesquare.org\/wp-content\/uploads\/2020\/05\/DJI_0108-768x475.jpg 768w, https:\/\/www.intothesquare.org\/wp-content\/uploads\/2020\/05\/DJI_0108-825x510.jpg 825w, https:\/\/www.intothesquare.org\/wp-content\/uploads\/2020\/05\/DJI_0108.jpg 1296w\" sizes=\"auto, (max-width: 1024px) 100vw, 1024px\" \/><\/figure>\n\n\n\n<figure class=\"wp-block-gallery has-nested-images columns-default is-cropped wp-block-gallery-1 is-layout-flex wp-block-gallery-is-layout-flex\">\n<figure class=\"wp-block-image size-large\"><img loading=\"lazy\" decoding=\"async\" width=\"1024\" height=\"576\" data-id=\"2781\" src=\"https:\/\/www.intothesquare.org\/wp-content\/uploads\/2020\/05\/DJI_0087-1024x576.jpg\" alt=\"\" class=\"wp-image-2781\" srcset=\"https:\/\/www.intothesquare.org\/wp-content\/uploads\/2020\/05\/DJI_0087-1024x576.jpg 1024w, https:\/\/www.intothesquare.org\/wp-content\/uploads\/2020\/05\/DJI_0087-300x169.jpg 300w, https:\/\/www.intothesquare.org\/wp-content\/uploads\/2020\/05\/DJI_0087-768x432.jpg 768w, https:\/\/www.intothesquare.org\/wp-content\/uploads\/2020\/05\/DJI_0087.jpg 1058w\" sizes=\"auto, (max-width: 1024px) 100vw, 1024px\" \/><\/figure>\n\n\n\n<figure class=\"wp-block-image size-large\"><img loading=\"lazy\" decoding=\"async\" width=\"1024\" height=\"576\" data-id=\"2783\" src=\"https:\/\/www.intothesquare.org\/wp-content\/uploads\/2020\/05\/DJI_0111-1-1024x576.jpg\" alt=\"\" class=\"wp-image-2783\" srcset=\"https:\/\/www.intothesquare.org\/wp-content\/uploads\/2020\/05\/DJI_0111-1-1024x576.jpg 1024w, https:\/\/www.intothesquare.org\/wp-content\/uploads\/2020\/05\/DJI_0111-1-300x169.jpg 300w, https:\/\/www.intothesquare.org\/wp-content\/uploads\/2020\/05\/DJI_0111-1-768x432.jpg 768w, https:\/\/www.intothesquare.org\/wp-content\/uploads\/2020\/05\/DJI_0111-1.jpg 1058w\" sizes=\"auto, (max-width: 1024px) 100vw, 1024px\" \/><\/figure>\n\n\n\n<figure class=\"wp-block-image size-large\"><img loading=\"lazy\" decoding=\"async\" width=\"1024\" height=\"576\" data-id=\"2782\" src=\"https:\/\/www.intothesquare.org\/wp-content\/uploads\/2020\/05\/DJI_0101-1024x576.jpg\" alt=\"\" class=\"wp-image-2782\" srcset=\"https:\/\/www.intothesquare.org\/wp-content\/uploads\/2020\/05\/DJI_0101-1024x576.jpg 1024w, https:\/\/www.intothesquare.org\/wp-content\/uploads\/2020\/05\/DJI_0101-300x169.jpg 300w, https:\/\/www.intothesquare.org\/wp-content\/uploads\/2020\/05\/DJI_0101-768x432.jpg 768w, https:\/\/www.intothesquare.org\/wp-content\/uploads\/2020\/05\/DJI_0101.jpg 1058w\" sizes=\"auto, (max-width: 1024px) 100vw, 1024px\" \/><\/figure>\n<\/figure>\n","protected":false},"excerpt":{"rendered":"<p>Motovun \u015f\u0259h\u0259rind\u0259ki (italyanca \u201eMontona\u201d) Andrea Antiko meydan\u0131 bu ki\u00e7ik t\u0259p\u0259 \u015f\u0259h\u0259rcikd\u0259 yegan\u0259 yast\u0131 v\u0259 d\u00fcz yerdir. Etrusklar t\u0259p\u0259l\u0259rin zirv\u0259sind\u0259 \u015f\u0259h\u0259rl\u0259r salan yegan\u0259 insanlar olmay\u0131blar: bu n\u00fcmun\u0259l\u0259r\u0259 indiki Xorvatiyada yerl\u0259\u015f\u0259n \u0130striya Yar\u0131madas\u0131nda da rast g\u0259l\u0259 bil\u0259rik. Motovun is\u0259 dar k\u00fc\u00e7\u0259l\u0259ri v\u0259 dar m\u0259kanlar\u0131ndan s\u0259m\u0259r\u0259li istifad\u0259 edilm\u0259sil\u0259 meydanlar aras\u0131nda \u0259n g\u00f6z\u0259lidir. Qo\u015fa istehkamlar\u0131n\u0131n v\u0259 \u015f\u0259h\u0259r qurulu\u015funun tarixi &hellip; <a href=\"https:\/\/www.intothesquare.org\/az\/2020\/european-squares\/trg-andrea-antico-from-motovun-croatia\/\" class=\"more-link\">Continue reading <span class=\"screen-reader-text\">Motovun, Xorvatiya, Andrea Antiko Meydan\u0131<\/span><\/a><\/p>\n","protected":false},"author":3,"featured_media":2776,"comment_status":"closed","ping_status":"closed","sticky":false,"template":"","format":"standard","meta":{"footnotes":""},"categories":[14],"tags":[149,145,146,150],"class_list":["post-2774","post","type-post","status-publish","format-standard","has-post-thumbnail","hentry","category-european-squares","tag-az","tag-en","tag-ro","tag-tr"],"translation":{"provider":"WPGlobus","version":"3.0.0","language":"az","enabled_languages":["en","tr","ro","es","it","gr","az","pl","ge","pt"],"languages":{"en":{"title":true,"content":true,"excerpt":false},"tr":{"title":true,"content":true,"excerpt":false},"ro":{"title":true,"content":true,"excerpt":false},"es":{"title":false,"content":false,"excerpt":false},"it":{"title":false,"content":false,"excerpt":false},"gr":{"title":false,"content":false,"excerpt":false},"az":{"title":true,"content":true,"excerpt":false},"pl":{"title":false,"content":false,"excerpt":false},"ge":{"title":false,"content":false,"excerpt":false},"pt":{"title":false,"content":false,"excerpt":false}}},"_links":{"self":[{"href":"https:\/\/www.intothesquare.org\/az\/wp-json\/wp\/v2\/posts\/2774","targetHints":{"allow":["GET"]}}],"collection":[{"href":"https:\/\/www.intothesquare.org\/az\/wp-json\/wp\/v2\/posts"}],"about":[{"href":"https:\/\/www.intothesquare.org\/az\/wp-json\/wp\/v2\/types\/post"}],"author":[{"embeddable":true,"href":"https:\/\/www.intothesquare.org\/az\/wp-json\/wp\/v2\/users\/3"}],"replies":[{"embeddable":true,"href":"https:\/\/www.intothesquare.org\/az\/wp-json\/wp\/v2\/comments?post=2774"}],"version-history":[{"count":0,"href":"https:\/\/www.intothesquare.org\/az\/wp-json\/wp\/v2\/posts\/2774\/revisions"}],"wp:featuredmedia":[{"embeddable":true,"href":"https:\/\/www.intothesquare.org\/az\/wp-json\/wp\/v2\/media\/2776"}],"wp:attachment":[{"href":"https:\/\/www.intothesquare.org\/az\/wp-json\/wp\/v2\/media?parent=2774"}],"wp:term":[{"taxonomy":"category","embeddable":true,"href":"https:\/\/www.intothesquare.org\/az\/wp-json\/wp\/v2\/categories?post=2774"},{"taxonomy":"post_tag","embeddable":true,"href":"https:\/\/www.intothesquare.org\/az\/wp-json\/wp\/v2\/tags?post=2774"}],"curies":[{"name":"wp","href":"https:\/\/api.w.org\/{rel}","templated":true}]}}