{"id":2806,"date":"2020-05-08T22:22:51","date_gmt":"2020-05-08T19:22:51","guid":{"rendered":"http:\/\/www.intothesquare.org\/?p=2806"},"modified":"2024-04-26T22:20:55","modified_gmt":"2024-04-26T19:20:55","slug":"trg-slobode-and-trg-marafor-from-porec-croatia","status":"publish","type":"post","link":"https:\/\/www.intothesquare.org\/az\/2020\/european-squares\/trg-slobode-and-trg-marafor-from-porec-croatia\/","title":{"rendered":"Marafor Meydan\u0131, Azadl\u0131q Meydan\u0131, Pore\u00e7, Xorvatiya,"},"content":{"rendered":"\n<p>Pore\u00e7 (\u0130talyanca Parenzo) \u015f\u0259h\u0259rinin \u0259n b\u00f6y\u00fck meydan\u0131 Marafor Meydan\u0131 \u00f6z ad\u0131n\u0131 \u201c<em>Mars<\/em>\u201d (Roma d\u00f6y\u00fc\u015f allah\u0131) v\u0259 \u201c<em>forum<\/em>\u201d (q\u0259dim Romada ictimai meydan\u0131) s\u00f6zl\u0259rind\u0259n alm\u0131\u015fd\u0131r. \u018fh\u0259miyy\u0259tli Roma&nbsp;<em>kastrumu<\/em>&nbsp;Pore\u00e7in \u0259razisind\u0259 yerl\u0259\u015fmi\u015fdir. \u015e\u0259h\u0259rin \u0259n i\u015fl\u0259k k\u00fc\u00e7\u0259si Dekumanus adlan\u0131r. Roma \u015f\u0259h\u0259rsalma sistemind\u0259 \u015f\u0259rq-q\u0259rb istiqam\u0259tin\u0259 do\u011fru y\u00f6n\u0259l\u0259n k\u00fc\u00e7\u0259l\u0259r&nbsp;<em>dekumanus<\/em>&nbsp;adland\u0131r\u0131l\u0131rd\u0131,&nbsp;<em>dekumanus maksimus<\/em>&nbsp;is\u0259 bu n\u00f6v\u00fcn ana x\u0259tti idi.&nbsp;<em>Forum<\/em>&nbsp;is\u0259 \u0259sas \u015fimal-c\u0259nub x\u0259ttl\u0259rinin k\u0259si\u015fdiyi yerin yax\u0131nl\u0131\u011f\u0131nda tikilmi\u015fdi v\u0259&nbsp;<em>kardo maksimus&nbsp;<\/em>adland\u0131r\u0131l\u0131dr\u0131. Bir qayda olaraq,&nbsp;<em>kardo maksimus<\/em>&nbsp;v\u0259&nbsp;<em>dekumanus maksimus<\/em>&nbsp;aras\u0131nda se\u00e7im ed\u0259rk\u0259n,&nbsp;<em>kardo<\/em>&nbsp;\u0259sas rola malik idi. Lakin b\u0259z\u0259n iyerarxiya co\u011frafi s\u0259b\u0259bl\u0259rd\u0259n d\u0259yi\u015firdi. Pore\u00e7d\u0259 ba\u015f ver\u0259nl\u0259r m\u0259hz budur. Bu orta \u0259sr qala \u015f\u0259h\u0259ri \u00f6z k\u00fc\u00e7\u0259l\u0259rini h\u0259min Roma&nbsp;<em>kastrum<\/em>unun&nbsp;\u00fcz\u0259rind\u0259 tikdi v\u0259 bel\u0259c\u0259 \u0259n son d\u00fcz\u0259nli g\u00f6r\u00fcn\u00fc\u015f\u00fcn\u00fc \u0259ld\u0259 etdi. Yar\u0131madan\u0131n dig\u0259r ucunda, daha ki\u00e7ik v\u0259 daha yeni olan, el\u0259c\u0259 d\u0259 hal-haz\u0131rda yerli xalq\u0131n \u0259sas g\u00f6r\u00fc\u015f yeri olan Azadl\u0131q Meydan\u0131 (Trg Slobode) yer al\u0131r.<\/p>\n\n\n\n<figure class=\"wp-block-gallery has-nested-images columns-default is-cropped wp-block-gallery-1 is-layout-flex wp-block-gallery-is-layout-flex\">\n<figure class=\"wp-block-image size-large\"><img loading=\"lazy\" decoding=\"async\" width=\"1024\" height=\"576\" data-id=\"2808\" src=\"https:\/\/www.intothesquare.org\/wp-content\/uploads\/2020\/05\/DJI_0151-1024x576.jpg\" alt=\"\" class=\"wp-image-2808\" srcset=\"https:\/\/www.intothesquare.org\/wp-content\/uploads\/2020\/05\/DJI_0151-1024x576.jpg 1024w, https:\/\/www.intothesquare.org\/wp-content\/uploads\/2020\/05\/DJI_0151-300x169.jpg 300w, https:\/\/www.intothesquare.org\/wp-content\/uploads\/2020\/05\/DJI_0151-768x432.jpg 768w, https:\/\/www.intothesquare.org\/wp-content\/uploads\/2020\/05\/DJI_0151.jpg 1058w\" sizes=\"auto, (max-width: 1024px) 100vw, 1024px\" \/><\/figure>\n\n\n\n<figure class=\"wp-block-image size-large\"><img loading=\"lazy\" decoding=\"async\" width=\"1024\" height=\"576\" data-id=\"2809\" src=\"https:\/\/www.intothesquare.org\/wp-content\/uploads\/2020\/05\/DJI_0181-1024x576.jpg\" alt=\"\" class=\"wp-image-2809\" srcset=\"https:\/\/www.intothesquare.org\/wp-content\/uploads\/2020\/05\/DJI_0181-1024x576.jpg 1024w, https:\/\/www.intothesquare.org\/wp-content\/uploads\/2020\/05\/DJI_0181-300x169.jpg 300w, https:\/\/www.intothesquare.org\/wp-content\/uploads\/2020\/05\/DJI_0181-768x432.jpg 768w, https:\/\/www.intothesquare.org\/wp-content\/uploads\/2020\/05\/DJI_0181.jpg 1058w\" sizes=\"auto, (max-width: 1024px) 100vw, 1024px\" \/><\/figure>\n\n\n\n<figure class=\"wp-block-image size-large\"><img loading=\"lazy\" decoding=\"async\" width=\"1024\" height=\"576\" data-id=\"2810\" src=\"https:\/\/www.intothesquare.org\/wp-content\/uploads\/2020\/05\/DJI_0183-1024x576.jpg\" alt=\"\" class=\"wp-image-2810\" srcset=\"https:\/\/www.intothesquare.org\/wp-content\/uploads\/2020\/05\/DJI_0183-1024x576.jpg 1024w, https:\/\/www.intothesquare.org\/wp-content\/uploads\/2020\/05\/DJI_0183-300x169.jpg 300w, https:\/\/www.intothesquare.org\/wp-content\/uploads\/2020\/05\/DJI_0183-768x432.jpg 768w, https:\/\/www.intothesquare.org\/wp-content\/uploads\/2020\/05\/DJI_0183.jpg 1058w\" sizes=\"auto, (max-width: 1024px) 100vw, 1024px\" \/><\/figure>\n\n\n\n<figure class=\"wp-block-image size-large\"><img loading=\"lazy\" decoding=\"async\" width=\"1024\" height=\"576\" data-id=\"2811\" src=\"https:\/\/www.intothesquare.org\/wp-content\/uploads\/2020\/05\/DJI_0189-1024x576.jpg\" alt=\"\" class=\"wp-image-2811\" srcset=\"https:\/\/www.intothesquare.org\/wp-content\/uploads\/2020\/05\/DJI_0189-1024x576.jpg 1024w, https:\/\/www.intothesquare.org\/wp-content\/uploads\/2020\/05\/DJI_0189-300x169.jpg 300w, https:\/\/www.intothesquare.org\/wp-content\/uploads\/2020\/05\/DJI_0189-768x432.jpg 768w, https:\/\/www.intothesquare.org\/wp-content\/uploads\/2020\/05\/DJI_0189.jpg 1058w\" sizes=\"auto, (max-width: 1024px) 100vw, 1024px\" \/><\/figure>\n\n\n\n<figure class=\"wp-block-image size-large\"><img loading=\"lazy\" decoding=\"async\" width=\"1024\" height=\"576\" data-id=\"2812\" src=\"https:\/\/www.intothesquare.org\/wp-content\/uploads\/2020\/05\/DJI_0208-1024x576.jpg\" alt=\"\" class=\"wp-image-2812\" srcset=\"https:\/\/www.intothesquare.org\/wp-content\/uploads\/2020\/05\/DJI_0208-1024x576.jpg 1024w, https:\/\/www.intothesquare.org\/wp-content\/uploads\/2020\/05\/DJI_0208-300x169.jpg 300w, https:\/\/www.intothesquare.org\/wp-content\/uploads\/2020\/05\/DJI_0208-768x432.jpg 768w, https:\/\/www.intothesquare.org\/wp-content\/uploads\/2020\/05\/DJI_0208.jpg 1058w\" sizes=\"auto, (max-width: 1024px) 100vw, 1024px\" \/><\/figure>\n<\/figure>\n\n\n\n<figure class=\"wp-block-image size-large\"><img loading=\"lazy\" decoding=\"async\" width=\"1058\" height=\"1477\" src=\"https:\/\/i1.wp.com\/www.intothesquare.org\/wp-content\/uploads\/2020\/05\/Porec.jpg?fit=660%2C921\" alt=\"\" class=\"wp-image-2813\" srcset=\"https:\/\/www.intothesquare.org\/wp-content\/uploads\/2020\/05\/Porec.jpg 1058w, https:\/\/www.intothesquare.org\/wp-content\/uploads\/2020\/05\/Porec-215x300.jpg 215w, https:\/\/www.intothesquare.org\/wp-content\/uploads\/2020\/05\/Porec-734x1024.jpg 734w, https:\/\/www.intothesquare.org\/wp-content\/uploads\/2020\/05\/Porec-768x1072.jpg 768w\" sizes=\"auto, (max-width: 1058px) 100vw, 1058px\" \/><\/figure>\n","protected":false},"excerpt":{"rendered":"<p>Pore\u00e7 (\u0130talyanca Parenzo) \u015f\u0259h\u0259rinin \u0259n b\u00f6y\u00fck meydan\u0131 Marafor Meydan\u0131 \u00f6z ad\u0131n\u0131 \u201cMars\u201d (Roma d\u00f6y\u00fc\u015f allah\u0131) v\u0259 \u201cforum\u201d (q\u0259dim Romada ictimai meydan\u0131) s\u00f6zl\u0259rind\u0259n alm\u0131\u015fd\u0131r. \u018fh\u0259miyy\u0259tli Roma&nbsp;kastrumu&nbsp;Pore\u00e7in \u0259razisind\u0259 yerl\u0259\u015fmi\u015fdir. \u015e\u0259h\u0259rin \u0259n i\u015fl\u0259k k\u00fc\u00e7\u0259si Dekumanus adlan\u0131r. Roma \u015f\u0259h\u0259rsalma sistemind\u0259 \u015f\u0259rq-q\u0259rb istiqam\u0259tin\u0259 do\u011fru y\u00f6n\u0259l\u0259n k\u00fc\u00e7\u0259l\u0259r&nbsp;dekumanus&nbsp;adland\u0131r\u0131l\u0131rd\u0131,&nbsp;dekumanus maksimus&nbsp;is\u0259 bu n\u00f6v\u00fcn ana x\u0259tti idi.&nbsp;Forum&nbsp;is\u0259 \u0259sas \u015fimal-c\u0259nub x\u0259ttl\u0259rinin k\u0259si\u015fdiyi yerin yax\u0131nl\u0131\u011f\u0131nda tikilmi\u015fdi v\u0259&nbsp;kardo &hellip; <a href=\"https:\/\/www.intothesquare.org\/az\/2020\/european-squares\/trg-slobode-and-trg-marafor-from-porec-croatia\/\" class=\"more-link\">Continue reading <span class=\"screen-reader-text\">Marafor Meydan\u0131, Azadl\u0131q Meydan\u0131, Pore\u00e7, Xorvatiya,<\/span><\/a><\/p>\n","protected":false},"author":3,"featured_media":2807,"comment_status":"closed","ping_status":"closed","sticky":false,"template":"","format":"standard","meta":{"footnotes":""},"categories":[14],"tags":[149,145,146,150],"class_list":["post-2806","post","type-post","status-publish","format-standard","has-post-thumbnail","hentry","category-european-squares","tag-az","tag-en","tag-ro","tag-tr"],"translation":{"provider":"WPGlobus","version":"3.0.0","language":"az","enabled_languages":["en","tr","ro","es","it","gr","az","pl","ge","pt"],"languages":{"en":{"title":true,"content":true,"excerpt":false},"tr":{"title":true,"content":true,"excerpt":false},"ro":{"title":true,"content":true,"excerpt":false},"es":{"title":false,"content":false,"excerpt":false},"it":{"title":false,"content":false,"excerpt":false},"gr":{"title":false,"content":false,"excerpt":false},"az":{"title":true,"content":true,"excerpt":false},"pl":{"title":false,"content":false,"excerpt":false},"ge":{"title":false,"content":false,"excerpt":false},"pt":{"title":false,"content":false,"excerpt":false}}},"_links":{"self":[{"href":"https:\/\/www.intothesquare.org\/az\/wp-json\/wp\/v2\/posts\/2806","targetHints":{"allow":["GET"]}}],"collection":[{"href":"https:\/\/www.intothesquare.org\/az\/wp-json\/wp\/v2\/posts"}],"about":[{"href":"https:\/\/www.intothesquare.org\/az\/wp-json\/wp\/v2\/types\/post"}],"author":[{"embeddable":true,"href":"https:\/\/www.intothesquare.org\/az\/wp-json\/wp\/v2\/users\/3"}],"replies":[{"embeddable":true,"href":"https:\/\/www.intothesquare.org\/az\/wp-json\/wp\/v2\/comments?post=2806"}],"version-history":[{"count":0,"href":"https:\/\/www.intothesquare.org\/az\/wp-json\/wp\/v2\/posts\/2806\/revisions"}],"wp:featuredmedia":[{"embeddable":true,"href":"https:\/\/www.intothesquare.org\/az\/wp-json\/wp\/v2\/media\/2807"}],"wp:attachment":[{"href":"https:\/\/www.intothesquare.org\/az\/wp-json\/wp\/v2\/media?parent=2806"}],"wp:term":[{"taxonomy":"category","embeddable":true,"href":"https:\/\/www.intothesquare.org\/az\/wp-json\/wp\/v2\/categories?post=2806"},{"taxonomy":"post_tag","embeddable":true,"href":"https:\/\/www.intothesquare.org\/az\/wp-json\/wp\/v2\/tags?post=2806"}],"curies":[{"name":"wp","href":"https:\/\/api.w.org\/{rel}","templated":true}]}}