{"id":292,"date":"2018-02-11T20:37:20","date_gmt":"2018-02-11T18:37:20","guid":{"rendered":"http:\/\/www.intothesquare.org\/?p=292"},"modified":"2024-04-26T23:06:19","modified_gmt":"2024-04-26T20:06:19","slug":"domplatz-from-passau-germany","status":"publish","type":"post","link":"https:\/\/www.intothesquare.org\/az\/2018\/european-squares\/domplatz-from-passau-germany\/","title":{"rendered":"Passau, Almaniya, Domplatz"},"content":{"rendered":"\n<p>Bu \u015f\u0259h\u0259r qurulu\u015fu, onun \u015f\u0259h\u0259r Avropas\u0131nda \u0259n m\u00f6ht\u0259\u015f\u0259m yerl\u0259rind\u0259n biri kimi, co\u011frafi m\u00f6vqeyin\u0259 g\u00f6r\u0259 m\u00fc\u0259yy\u0259n edilmi\u015fdir. Passau h\u0259r biri f\u0259rqli r\u0259ngd\u0259 sulara sahib olan Dunay, Inn v\u0259 Ilz \u00e7aylar\u0131 aras\u0131ndak\u0131 bir \u0259razid\u0259 yerl\u0259\u015fir. Passau h\u0259r il sel basq\u0131n\u0131 t\u0259hl\u00fck\u0259si alt\u0131nda qald\u0131\u011f\u0131 \u00fc\u00e7\u00fcn Domplatz \u015f\u0259h\u0259rin \u0259n y\u00fcks\u0259k n\u00f6qt\u0259sind\u0259 yerl\u0259\u015fdiyi \u00fc\u00e7\u00fcn \u00fcst\u00fcnl\u00fcy\u0259 malikdir, \u00e7\u00fcnki h\u0259r il Passau da\u015fq\u0131nlar\u0131n t\u0259sirin\u0259 m\u0259ruz qal\u0131r. Meydan 1150-ci ild\u0259 in\u015fa edilmi\u015fdir. V\u0259 1155-ci ild\u0259 yepiskop Konrad von Babenberq t\u0259r\u0259find\u0259n ba\u011f\u0131\u015fland\u0131qdan sonra, bo\u015f t\u0259r\u0259fl\u0259rind\u0259 karg\u00fczarl\u0131qla m\u0259\u015f\u011ful olan evl\u0259rinin tikilm\u0259si \u015f\u0259rti il\u0259 kafedral\u0131n m\u00fclkiyy\u0259tin\u0259 \u00e7evrilmi\u015fdir. Bu 14 bina 1662 v\u0259 1680-ci ill\u0259rd\u0259ki b\u00f6y\u00fck yan\u011f\u0131nlardan z\u0259r\u0259r g\u00f6rd\u00fc, sonra \u0130talyan memarlar\u0131 t\u0259r\u0259find\u0259n Barok \u00fcslubunda yenid\u0259n quruldu. 1824-c\u00fc ild\u0259 meydanda Bavariya imperatoru I Maksimilian\u0131n heyk\u0259li qoyuldu. Bel\u0259likl\u0259, tarixind\u0259 ilk d\u0259f\u0259 olaraq meydan r\u0259smi \u015f\u0259h\u0259r meydan\u0131 statusu alaraq ictimai m\u0259kana \u00e7evrildi. 2013-c\u00fc ild\u0259n sonra yenid\u0259n t\u0259mir edildi. S\u0259kisi \u00f6z\u00fcn\u00fcn \u0259vv\u0259lki tarixi d\u00f6vrl\u0259rin\u0259 i\u015far\u0259 ed\u0259n inc\u0259 \u00e7\u0131nq\u0131llarla \u0259v\u0259z olundu. Onun \u0259traf\u0131 i\u015f\u0131qland\u0131rmas\u0131 m\u00f6ht\u0259\u015f\u0259mdir, Avropan\u0131n \u0259n yax\u015f\u0131lar\u0131ndan biridir. \u0130\u015f\u0131q Kafedral\u0131n fasad\u0131n\u0131 vur\u011fulayaraq, meydan\u0131 v\u0259 dig\u0259r tikilil\u0259ri yar\u0131-i\u015f\u0131qda qoyaraq, \u015f\u0259h\u0259rl\u0259rd\u0259 ictimai i\u015f\u0131qland\u0131rman\u0131n olmad\u0131\u011f\u0131 ke\u00e7mi\u015fi indikiy\u0259 ba\u011flayaraq qaranl\u0131q v\u0259 i\u015f\u0131\u011f\u0131n z\u0259rif oyununu s\u0259rgil\u0259yir. Barok \u00fcslublu \u0259s\u0259rin s\u0259hn\u0259si t\u0259sirini ba\u011f\u0131\u015flay\u0131r.<\/p>\n\n\n\n<figure class=\"wp-block-image\"><img loading=\"lazy\" decoding=\"async\" width=\"825\" height=\"510\" src=\"https:\/\/www.intothesquare.org\/wp-content\/uploads\/2018\/02\/Passau.jpg\" alt=\"\" class=\"wp-image-293\" srcset=\"https:\/\/www.intothesquare.org\/wp-content\/uploads\/2018\/02\/Passau.jpg 825w, https:\/\/www.intothesquare.org\/wp-content\/uploads\/2018\/02\/Passau-300x185.jpg 300w, https:\/\/www.intothesquare.org\/wp-content\/uploads\/2018\/02\/Passau-768x475.jpg 768w\" sizes=\"auto, (max-width: 825px) 100vw, 825px\" \/><\/figure>\n","protected":false},"excerpt":{"rendered":"<p>Bu \u015f\u0259h\u0259r qurulu\u015fu, onun \u015f\u0259h\u0259r Avropas\u0131nda \u0259n m\u00f6ht\u0259\u015f\u0259m yerl\u0259rind\u0259n biri kimi, co\u011frafi m\u00f6vqeyin\u0259 g\u00f6r\u0259 m\u00fc\u0259yy\u0259n edilmi\u015fdir. Passau h\u0259r biri f\u0259rqli r\u0259ngd\u0259 sulara sahib olan Dunay, Inn v\u0259 Ilz \u00e7aylar\u0131 aras\u0131ndak\u0131 bir \u0259razid\u0259 yerl\u0259\u015fir. Passau h\u0259r il sel basq\u0131n\u0131 t\u0259hl\u00fck\u0259si alt\u0131nda qald\u0131\u011f\u0131 \u00fc\u00e7\u00fcn Domplatz \u015f\u0259h\u0259rin \u0259n y\u00fcks\u0259k n\u00f6qt\u0259sind\u0259 yerl\u0259\u015fdiyi \u00fc\u00e7\u00fcn \u00fcst\u00fcnl\u00fcy\u0259 malikdir, \u00e7\u00fcnki h\u0259r il Passau &hellip; <a href=\"https:\/\/www.intothesquare.org\/az\/2018\/european-squares\/domplatz-from-passau-germany\/\" class=\"more-link\">Continue reading <span class=\"screen-reader-text\">Passau, Almaniya, Domplatz<\/span><\/a><\/p>\n","protected":false},"author":2,"featured_media":293,"comment_status":"closed","ping_status":"closed","sticky":false,"template":"","format":"image","meta":{"footnotes":""},"categories":[14],"tags":[42,73,149,72,145,151,71,38,54,30,146],"class_list":["post-292","post","type-post","status-publish","format-image","has-post-thumbnail","hentry","category-european-squares","tag-arhitectura-baroca","tag-arhitectura-gotica","tag-az","tag-bavaria","tag-en","tag-es","tag-germany","tag-holy-roman-empire","tag-international-gotic","tag-medieval-city","tag-ro","post_format-post-format-image"],"translation":{"provider":"WPGlobus","version":"3.0.0","language":"az","enabled_languages":["en","tr","ro","es","it","gr","az","pl","ge","pt"],"languages":{"en":{"title":true,"content":true,"excerpt":false},"tr":{"title":false,"content":false,"excerpt":false},"ro":{"title":true,"content":true,"excerpt":false},"es":{"title":true,"content":true,"excerpt":false},"it":{"title":false,"content":false,"excerpt":false},"gr":{"title":false,"content":false,"excerpt":false},"az":{"title":true,"content":true,"excerpt":false},"pl":{"title":false,"content":false,"excerpt":false},"ge":{"title":false,"content":false,"excerpt":false},"pt":{"title":false,"content":false,"excerpt":false}}},"_links":{"self":[{"href":"https:\/\/www.intothesquare.org\/az\/wp-json\/wp\/v2\/posts\/292","targetHints":{"allow":["GET"]}}],"collection":[{"href":"https:\/\/www.intothesquare.org\/az\/wp-json\/wp\/v2\/posts"}],"about":[{"href":"https:\/\/www.intothesquare.org\/az\/wp-json\/wp\/v2\/types\/post"}],"author":[{"embeddable":true,"href":"https:\/\/www.intothesquare.org\/az\/wp-json\/wp\/v2\/users\/2"}],"replies":[{"embeddable":true,"href":"https:\/\/www.intothesquare.org\/az\/wp-json\/wp\/v2\/comments?post=292"}],"version-history":[{"count":0,"href":"https:\/\/www.intothesquare.org\/az\/wp-json\/wp\/v2\/posts\/292\/revisions"}],"wp:featuredmedia":[{"embeddable":true,"href":"https:\/\/www.intothesquare.org\/az\/wp-json\/wp\/v2\/media\/293"}],"wp:attachment":[{"href":"https:\/\/www.intothesquare.org\/az\/wp-json\/wp\/v2\/media?parent=292"}],"wp:term":[{"taxonomy":"category","embeddable":true,"href":"https:\/\/www.intothesquare.org\/az\/wp-json\/wp\/v2\/categories?post=292"},{"taxonomy":"post_tag","embeddable":true,"href":"https:\/\/www.intothesquare.org\/az\/wp-json\/wp\/v2\/tags?post=292"}],"curies":[{"name":"wp","href":"https:\/\/api.w.org\/{rel}","templated":true}]}}