{"id":2933,"date":"2020-05-09T10:55:49","date_gmt":"2020-05-09T07:55:49","guid":{"rendered":"http:\/\/www.intothesquare.org\/?p=2933"},"modified":"2024-04-26T19:00:18","modified_gmt":"2024-04-26T16:00:18","slug":"praca-de-santa-maria-obidos-portugal","status":"publish","type":"post","link":"https:\/\/www.intothesquare.org\/az\/2020\/european-squares\/praca-de-santa-maria-obidos-portugal\/","title":{"rendered":"Obidos, Portuqaliya, Santa Mariya Meydan\u0131"},"content":{"rendered":"\r\n<p>H\u0259r hans\u0131 bir orta \u0259sr \u015f\u0259h\u0259rinin tipik portreti: divarlarla \u0259hat\u0259l\u0259nmi\u015f ya\u015fay\u0131\u015f m\u0259nt\u0259q\u0259sinin \u00f6z\u00fc il\u0259 birg\u0259 onun daxilind\u0259ki meydan\u0131 v\u0259 kafedral\u0131 il\u0259 markalanan bir m\u0259rk\u0259zinin \u0259traf\u0131nda toplanan qapal\u0131, \u00f6z\u00fc-\u00f6z\u00fcn\u00fc idar\u0259 ed\u0259n, iyerarxik bir d\u00fcnya. Obidos, bu g\u00fcn\u0259 q\u0259d\u0259r divarlar\u0131n\u0131 qoruyub saxlam\u0131\u015f az sayda orta \u0259sr ya\u015fay\u0131\u015f m\u0259nt\u0259q\u0259l\u0259rind\u0259n biridir. Pra\u00e7a de Santa Maria (Santa Mariya Meydan\u0131) \u015f\u0259h\u0259rin \u0259n \u0259h\u0259miyy\u0259tli tikilil\u0259rind\u0259n ibar\u0259tdir: biri 15-ci \u0259sr\u0259 aid olan \u015faquli f\u0259vvar\u0259y\u0259 malik k\u00f6hn\u0259 qapal\u0131 meydan Kasa da Pikota v\u0259 dig\u0259ri, \u0259lb\u0259tt\u0259 ki, tarixi bax\u0131mdan m\u0259\u015fhur olan, V Alfonsonun s\u0259kkiz ya\u015fl\u0131 \u0259misi q\u0131z\u0131 \u0130zabell\u0259 evl\u0259ndiyi yer \u0130qreja de Santa Maria (Santa Mariya Monast\u0131r\u0131).\u00a0<\/p>\r\n\r\n\r\n\r\n<figure class=\"wp-block-image size-large\"><img loading=\"lazy\" decoding=\"async\" width=\"1058\" height=\"1468\" class=\"wp-image-2936\" src=\"https:\/\/i2.wp.com\/www.intothesquare.org\/wp-content\/uploads\/2020\/05\/Obidos6.jpg?fit=660%2C916\" alt=\"\" srcset=\"https:\/\/www.intothesquare.org\/wp-content\/uploads\/2020\/05\/Obidos6.jpg 1058w, https:\/\/www.intothesquare.org\/wp-content\/uploads\/2020\/05\/Obidos6-216x300.jpg 216w, https:\/\/www.intothesquare.org\/wp-content\/uploads\/2020\/05\/Obidos6-738x1024.jpg 738w, https:\/\/www.intothesquare.org\/wp-content\/uploads\/2020\/05\/Obidos6-768x1066.jpg 768w\" sizes=\"auto, (max-width: 1058px) 100vw, 1058px\" \/><\/figure>\r\n\r\n\r\n\r\n<figure class=\"wp-block-image size-large\"><img loading=\"lazy\" decoding=\"async\" width=\"1024\" height=\"634\" class=\"wp-image-2935\" src=\"https:\/\/www.intothesquare.org\/wp-content\/uploads\/2020\/05\/Obidos3-1024x634.jpg\" alt=\"\" srcset=\"https:\/\/www.intothesquare.org\/wp-content\/uploads\/2020\/05\/Obidos3-1024x634.jpg 1024w, https:\/\/www.intothesquare.org\/wp-content\/uploads\/2020\/05\/Obidos3-300x186.jpg 300w, https:\/\/www.intothesquare.org\/wp-content\/uploads\/2020\/05\/Obidos3-768x475.jpg 768w, https:\/\/www.intothesquare.org\/wp-content\/uploads\/2020\/05\/Obidos3-825x510.jpg 825w, https:\/\/www.intothesquare.org\/wp-content\/uploads\/2020\/05\/Obidos3.jpg 1296w\" sizes=\"auto, (max-width: 1024px) 100vw, 1024px\" \/><\/figure>\r\n","protected":false},"excerpt":{"rendered":"<p>H\u0259r hans\u0131 bir orta \u0259sr \u015f\u0259h\u0259rinin tipik portreti: divarlarla \u0259hat\u0259l\u0259nmi\u015f ya\u015fay\u0131\u015f m\u0259nt\u0259q\u0259sinin \u00f6z\u00fc il\u0259 birg\u0259 onun daxilind\u0259ki meydan\u0131 v\u0259 kafedral\u0131 il\u0259 markalanan bir m\u0259rk\u0259zinin \u0259traf\u0131nda toplanan qapal\u0131, \u00f6z\u00fc-\u00f6z\u00fcn\u00fc idar\u0259 ed\u0259n, iyerarxik bir d\u00fcnya. Obidos, bu g\u00fcn\u0259 q\u0259d\u0259r divarlar\u0131n\u0131 qoruyub saxlam\u0131\u015f az sayda orta \u0259sr ya\u015fay\u0131\u015f m\u0259nt\u0259q\u0259l\u0259rind\u0259n biridir. Pra\u00e7a de Santa Maria (Santa Mariya Meydan\u0131) \u015f\u0259h\u0259rin &hellip; <a href=\"https:\/\/www.intothesquare.org\/az\/2020\/european-squares\/praca-de-santa-maria-obidos-portugal\/\" class=\"more-link\">Continue reading <span class=\"screen-reader-text\">Obidos, Portuqaliya, Santa Mariya Meydan\u0131<\/span><\/a><\/p>\n","protected":false},"author":3,"featured_media":2935,"comment_status":"closed","ping_status":"closed","sticky":false,"template":"","format":"standard","meta":{"footnotes":""},"categories":[14],"tags":[149,145,146,150],"class_list":["post-2933","post","type-post","status-publish","format-standard","has-post-thumbnail","hentry","category-european-squares","tag-az","tag-en","tag-ro","tag-tr"],"translation":{"provider":"WPGlobus","version":"3.0.0","language":"az","enabled_languages":["en","tr","ro","es","it","gr","az","pl","ge","pt"],"languages":{"en":{"title":true,"content":true,"excerpt":false},"tr":{"title":true,"content":true,"excerpt":false},"ro":{"title":true,"content":true,"excerpt":false},"es":{"title":false,"content":false,"excerpt":false},"it":{"title":false,"content":false,"excerpt":false},"gr":{"title":false,"content":false,"excerpt":false},"az":{"title":true,"content":true,"excerpt":false},"pl":{"title":false,"content":false,"excerpt":false},"ge":{"title":false,"content":false,"excerpt":false},"pt":{"title":false,"content":false,"excerpt":false}}},"_links":{"self":[{"href":"https:\/\/www.intothesquare.org\/az\/wp-json\/wp\/v2\/posts\/2933","targetHints":{"allow":["GET"]}}],"collection":[{"href":"https:\/\/www.intothesquare.org\/az\/wp-json\/wp\/v2\/posts"}],"about":[{"href":"https:\/\/www.intothesquare.org\/az\/wp-json\/wp\/v2\/types\/post"}],"author":[{"embeddable":true,"href":"https:\/\/www.intothesquare.org\/az\/wp-json\/wp\/v2\/users\/3"}],"replies":[{"embeddable":true,"href":"https:\/\/www.intothesquare.org\/az\/wp-json\/wp\/v2\/comments?post=2933"}],"version-history":[{"count":0,"href":"https:\/\/www.intothesquare.org\/az\/wp-json\/wp\/v2\/posts\/2933\/revisions"}],"wp:featuredmedia":[{"embeddable":true,"href":"https:\/\/www.intothesquare.org\/az\/wp-json\/wp\/v2\/media\/2935"}],"wp:attachment":[{"href":"https:\/\/www.intothesquare.org\/az\/wp-json\/wp\/v2\/media?parent=2933"}],"wp:term":[{"taxonomy":"category","embeddable":true,"href":"https:\/\/www.intothesquare.org\/az\/wp-json\/wp\/v2\/categories?post=2933"},{"taxonomy":"post_tag","embeddable":true,"href":"https:\/\/www.intothesquare.org\/az\/wp-json\/wp\/v2\/tags?post=2933"}],"curies":[{"name":"wp","href":"https:\/\/api.w.org\/{rel}","templated":true}]}}