{"id":312,"date":"2018-02-11T21:03:18","date_gmt":"2018-02-11T19:03:18","guid":{"rendered":"http:\/\/www.intothesquare.org\/?p=312"},"modified":"2024-04-26T23:04:44","modified_gmt":"2024-04-26T20:04:44","slug":"piata-sfatului-from-brasov-romania","status":"publish","type":"post","link":"https:\/\/www.intothesquare.org\/az\/2018\/european-squares\/piata-sfatului-from-brasov-romania\/","title":{"rendered":"Bra\u0219ov, Ruminiya, Pia\u021ba Sfatului\u00a0"},"content":{"rendered":"\r\n<figure class=\"wp-block-gallery columns-4 is-cropped wp-block-gallery-1 is-layout-flex wp-block-gallery-is-layout-flex\">\r\n<ul class=\"blocks-gallery-grid\">\r\n<li class=\"blocks-gallery-item\">\r\n<figure><img loading=\"lazy\" decoding=\"async\" width=\"800\" height=\"516\" class=\"wp-image-543\" src=\"https:\/\/www.intothesquare.org\/wp-content\/uploads\/2018\/02\/DJI_0150.jpg\" alt=\"\" data-id=\"543\" srcset=\"https:\/\/www.intothesquare.org\/wp-content\/uploads\/2018\/02\/DJI_0150.jpg 800w, https:\/\/www.intothesquare.org\/wp-content\/uploads\/2018\/02\/DJI_0150-300x194.jpg 300w, https:\/\/www.intothesquare.org\/wp-content\/uploads\/2018\/02\/DJI_0150-768x495.jpg 768w\" sizes=\"auto, (max-width: 800px) 100vw, 800px\" \/><\/figure>\r\n<\/li>\r\n<li class=\"blocks-gallery-item\">\r\n<figure><img loading=\"lazy\" decoding=\"async\" width=\"800\" height=\"450\" class=\"wp-image-544\" src=\"https:\/\/www.intothesquare.org\/wp-content\/uploads\/2018\/02\/DJI_0165.jpg\" alt=\"\" data-id=\"544\" srcset=\"https:\/\/www.intothesquare.org\/wp-content\/uploads\/2018\/02\/DJI_0165.jpg 800w, https:\/\/www.intothesquare.org\/wp-content\/uploads\/2018\/02\/DJI_0165-300x169.jpg 300w, https:\/\/www.intothesquare.org\/wp-content\/uploads\/2018\/02\/DJI_0165-768x432.jpg 768w\" sizes=\"auto, (max-width: 800px) 100vw, 800px\" \/><\/figure>\r\n<\/li>\r\n<li class=\"blocks-gallery-item\">\r\n<figure><img loading=\"lazy\" decoding=\"async\" width=\"800\" height=\"450\" class=\"wp-image-545\" src=\"https:\/\/www.intothesquare.org\/wp-content\/uploads\/2018\/02\/DJI_0200.jpg\" alt=\"\" data-id=\"545\" srcset=\"https:\/\/www.intothesquare.org\/wp-content\/uploads\/2018\/02\/DJI_0200.jpg 800w, https:\/\/www.intothesquare.org\/wp-content\/uploads\/2018\/02\/DJI_0200-300x169.jpg 300w, https:\/\/www.intothesquare.org\/wp-content\/uploads\/2018\/02\/DJI_0200-768x432.jpg 768w\" sizes=\"auto, (max-width: 800px) 100vw, 800px\" \/><\/figure>\r\n<\/li>\r\n<li class=\"blocks-gallery-item\">\r\n<figure><img loading=\"lazy\" decoding=\"async\" width=\"800\" height=\"450\" class=\"wp-image-546\" src=\"https:\/\/www.intothesquare.org\/wp-content\/uploads\/2018\/02\/DJI_0201.jpg\" alt=\"\" data-id=\"546\" srcset=\"https:\/\/www.intothesquare.org\/wp-content\/uploads\/2018\/02\/DJI_0201.jpg 800w, https:\/\/www.intothesquare.org\/wp-content\/uploads\/2018\/02\/DJI_0201-300x169.jpg 300w, https:\/\/www.intothesquare.org\/wp-content\/uploads\/2018\/02\/DJI_0201-768x432.jpg 768w\" sizes=\"auto, (max-width: 800px) 100vw, 800px\" \/><\/figure>\r\n<\/li>\r\n<\/ul>\r\n<\/figure>\r\n\r\n\r\n\r\n<p>14-c\u00fc \u0259srd\u0259n etibar\u0259n Brasovdak\u0131 Sfatului meydan\u0131nda daim yarmarkalar ke\u00e7irilir v\u0259 m\u0259hsul m\u00fcbadil\u0259l\u0259ri apar\u0131l\u0131r. O vaxt Marktplatz adland\u0131r\u0131l\u0131rd\u0131. M\u0259kan 1420-ci ild\u0259 in\u015fa edilmi\u015f Casa Sfatului binas\u0131 t\u0259r\u0259find\u0259n idar\u0259 olunur. Bina yaln\u0131z meydan\u0131n m\u0259rk\u0259zini deyil, h\u0259m d\u0259 meydandan g\u00f6r\u00fclm\u0259si m\u00fcmk\u00fcn olan yax\u0131nl\u0131qdak\u0131 Schwarze Kirche-y\u0259, Qara Kils\u0259y\u0259 a\u00e7\u0131q r\u0259ngi say\u0259sind\u0259 maraql\u0131 bir r\u0259ng kontrast\u0131 yarad\u0131r.<\/p>\r\n\r\n\r\n\r\n<div class=\"wp-block-image\">\r\n<figure class=\"aligncenter\"><img loading=\"lazy\" decoding=\"async\" width=\"1000\" height=\"716\" class=\"wp-image-313\" src=\"https:\/\/www.intothesquare.org\/wp-content\/uploads\/2018\/02\/Brasvo2.jpg\" alt=\"\" srcset=\"https:\/\/www.intothesquare.org\/wp-content\/uploads\/2018\/02\/Brasvo2.jpg 1000w, https:\/\/www.intothesquare.org\/wp-content\/uploads\/2018\/02\/Brasvo2-300x215.jpg 300w, https:\/\/www.intothesquare.org\/wp-content\/uploads\/2018\/02\/Brasvo2-768x550.jpg 768w\" sizes=\"auto, (max-width: 1000px) 100vw, 1000px\" \/><\/figure>\r\n<\/div>\r\n","protected":false},"excerpt":{"rendered":"<p>14-c\u00fc \u0259srd\u0259n etibar\u0259n Brasovdak\u0131 Sfatului meydan\u0131nda daim yarmarkalar ke\u00e7irilir v\u0259 m\u0259hsul m\u00fcbadil\u0259l\u0259ri apar\u0131l\u0131r. O vaxt Marktplatz adland\u0131r\u0131l\u0131rd\u0131. M\u0259kan 1420-ci ild\u0259 in\u015fa edilmi\u015f Casa Sfatului binas\u0131 t\u0259r\u0259find\u0259n idar\u0259 olunur. Bina yaln\u0131z meydan\u0131n m\u0259rk\u0259zini deyil, h\u0259m d\u0259 meydandan g\u00f6r\u00fclm\u0259si m\u00fcmk\u00fcn olan yax\u0131nl\u0131qdak\u0131 Schwarze Kirche-y\u0259, Qara Kils\u0259y\u0259 a\u00e7\u0131q r\u0259ngi say\u0259sind\u0259 maraql\u0131 bir r\u0259ng kontrast\u0131 yarad\u0131r.<\/p>\n","protected":false},"author":2,"featured_media":314,"comment_status":"closed","ping_status":"closed","sticky":false,"template":"","format":"image","meta":{"footnotes":""},"categories":[14],"tags":[149,145,151,148,146,78,80,150,79],"class_list":["post-312","post","type-post","status-publish","format-image","has-post-thumbnail","hentry","category-european-squares","tag-az","tag-en","tag-es","tag-ge","tag-ro","tag-romania","tag-saxon-city","tag-tr","tag-transylvania","post_format-post-format-image"],"translation":{"provider":"WPGlobus","version":"3.0.0","language":"az","enabled_languages":["en","tr","ro","es","it","gr","az","pl","ge","pt"],"languages":{"en":{"title":true,"content":true,"excerpt":false},"tr":{"title":true,"content":true,"excerpt":false},"ro":{"title":true,"content":true,"excerpt":false},"es":{"title":false,"content":true,"excerpt":false},"it":{"title":false,"content":false,"excerpt":false},"gr":{"title":false,"content":false,"excerpt":false},"az":{"title":true,"content":true,"excerpt":false},"pl":{"title":false,"content":false,"excerpt":false},"ge":{"title":false,"content":true,"excerpt":false},"pt":{"title":false,"content":false,"excerpt":false}}},"_links":{"self":[{"href":"https:\/\/www.intothesquare.org\/az\/wp-json\/wp\/v2\/posts\/312","targetHints":{"allow":["GET"]}}],"collection":[{"href":"https:\/\/www.intothesquare.org\/az\/wp-json\/wp\/v2\/posts"}],"about":[{"href":"https:\/\/www.intothesquare.org\/az\/wp-json\/wp\/v2\/types\/post"}],"author":[{"embeddable":true,"href":"https:\/\/www.intothesquare.org\/az\/wp-json\/wp\/v2\/users\/2"}],"replies":[{"embeddable":true,"href":"https:\/\/www.intothesquare.org\/az\/wp-json\/wp\/v2\/comments?post=312"}],"version-history":[{"count":0,"href":"https:\/\/www.intothesquare.org\/az\/wp-json\/wp\/v2\/posts\/312\/revisions"}],"wp:featuredmedia":[{"embeddable":true,"href":"https:\/\/www.intothesquare.org\/az\/wp-json\/wp\/v2\/media\/314"}],"wp:attachment":[{"href":"https:\/\/www.intothesquare.org\/az\/wp-json\/wp\/v2\/media?parent=312"}],"wp:term":[{"taxonomy":"category","embeddable":true,"href":"https:\/\/www.intothesquare.org\/az\/wp-json\/wp\/v2\/categories?post=312"},{"taxonomy":"post_tag","embeddable":true,"href":"https:\/\/www.intothesquare.org\/az\/wp-json\/wp\/v2\/tags?post=312"}],"curies":[{"name":"wp","href":"https:\/\/api.w.org\/{rel}","templated":true}]}}