{"id":743,"date":"2018-05-17T22:31:21","date_gmt":"2018-05-17T19:31:21","guid":{"rendered":"http:\/\/www.intothesquare.org\/?p=743"},"modified":"2024-04-26T23:01:55","modified_gmt":"2024-04-26T20:01:55","slug":"praca-do-municipio-from-lisbon-portugal","status":"publish","type":"post","link":"https:\/\/www.intothesquare.org\/az\/2018\/european-squares\/praca-do-municipio-from-lisbon-portugal\/","title":{"rendered":"Lissabon, Portuqaliya, Praca do Municipio"},"content":{"rendered":"<p><span class=\"tlid-translation\"><span lang=\"RO\">Monumental Pra\u00e7a do Com\u00e9rcio-dan q\u0131sa bir m\u0259saf\u0259d\u0259 \u00fc\u00e7 \u0259h\u0259miyy\u0259tli binan\u0131n yerl\u0259\u015fdiyi b\u0259l\u0259diyy\u0259 meydan\u0131 dayan\u0131r: B\u0259l\u0259diyy\u0259, Apelyasiya M\u0259hk\u0259m\u0259si v\u0259 Naval Arsenal.\u00a0 <\/span><\/span><span lang=\"RO\">Rua do Arsenal \u00e7ay\u0131ndan 70 metr az m\u0259saf\u0259d\u0259 d\u00fcz bir x\u0259ttd\u0259 yerl\u0259\u015f\u0259n Pra\u00e7a do Com\u00e9rcio&#8217;dan f\u0259rqli ritml\u0259ri olan ki\u00e7ik v\u0259 sakit meydan\u0131d\u0131r. Pra\u00e7a do Municipio h\u0259m d\u0259 Markiz Pombal\u0131n r\u0259hb\u0259rliyi alt\u0131nda \u015f\u0259h\u0259rin yenid\u0259n qurulmas\u0131 n\u0259tic\u0259sind\u0259 yaranan \u015f\u0259h\u0259r s\u0259n\u0259tinin bir hiss\u0259sidir. Bu tarixi detal onlar\u0131 \u0259ks n\u00f6qt\u0259l\u0259r, y\u0259ni daha geni\u015f, bir-biril\u0259ri il\u0259 \u0259laq\u0259li meydanlar sisteminin hiss\u0259l\u0259ri kimi ba\u015fa d\u00fc\u015f\u00fclm\u0259li oldu\u011funu ayd\u0131nla\u015fd\u0131rmaq \u00fc\u00e7\u00fcn kifay\u0259tdir.<\/span><\/p>\n\n\n<figure class=\"wp-block-image\"><img loading=\"lazy\" decoding=\"async\" width=\"1000\" height=\"620\" src=\"https:\/\/www.intothesquare.org\/wp-content\/uploads\/2018\/05\/DJI_0081-e1560972172409.jpg\" alt=\"\" class=\"wp-image-744\" srcset=\"https:\/\/www.intothesquare.org\/wp-content\/uploads\/2018\/05\/DJI_0081-e1560972172409.jpg 1000w, https:\/\/www.intothesquare.org\/wp-content\/uploads\/2018\/05\/DJI_0081-e1560972172409-300x186.jpg 300w, https:\/\/www.intothesquare.org\/wp-content\/uploads\/2018\/05\/DJI_0081-e1560972172409-768x476.jpg 768w\" sizes=\"auto, (max-width: 1000px) 100vw, 1000px\" \/><\/figure>\n","protected":false},"excerpt":{"rendered":"<p>Monumental Pra\u00e7a do Com\u00e9rcio-dan q\u0131sa bir m\u0259saf\u0259d\u0259 \u00fc\u00e7 \u0259h\u0259miyy\u0259tli binan\u0131n yerl\u0259\u015fdiyi b\u0259l\u0259diyy\u0259 meydan\u0131 dayan\u0131r: B\u0259l\u0259diyy\u0259, Apelyasiya M\u0259hk\u0259m\u0259si v\u0259 Naval Arsenal.\u00a0 Rua do Arsenal \u00e7ay\u0131ndan 70 metr az m\u0259saf\u0259d\u0259 d\u00fcz bir x\u0259ttd\u0259 yerl\u0259\u015f\u0259n Pra\u00e7a do Com\u00e9rcio&#8217;dan f\u0259rqli ritml\u0259ri olan ki\u00e7ik v\u0259 sakit meydan\u0131d\u0131r. Pra\u00e7a do Municipio h\u0259m d\u0259 Markiz Pombal\u0131n r\u0259hb\u0259rliyi alt\u0131nda \u015f\u0259h\u0259rin yenid\u0259n qurulmas\u0131 n\u0259tic\u0259sind\u0259 &hellip; <a href=\"https:\/\/www.intothesquare.org\/az\/2018\/european-squares\/praca-do-municipio-from-lisbon-portugal\/\" class=\"more-link\">Continue reading <span class=\"screen-reader-text\">Lissabon, Portuqaliya, Praca do Municipio<\/span><\/a><\/p>\n","protected":false},"author":3,"featured_media":744,"comment_status":"closed","ping_status":"closed","sticky":false,"template":"","format":"standard","meta":{"footnotes":""},"categories":[14],"tags":[141,139,138,149,90,136,145,151,142,148,147,91,96,93,94,89,77,140,146,92,135,95,150,21],"class_list":["post-743","post","type-post","status-publish","format-standard","has-post-thumbnail","hentry","category-european-squares","tag-aerial-view","tag-agora","tag-architecture","tag-az","tag-city-place","tag-drone","tag-en","tag-es","tag-exhibition","tag-ge","tag-gr","tag-lisabona","tag-monument","tag-municipal-square","tag-piata-centrala","tag-pombal","tag-portugal","tag-public-space","tag-ro","tag-sistem-de-piete","tag-square","tag-system-of-squares","tag-tr","tag-urbanism"],"translation":{"provider":"WPGlobus","version":"3.0.0","language":"az","enabled_languages":["en","tr","ro","es","it","gr","az","pl","ge","pt"],"languages":{"en":{"title":true,"content":true,"excerpt":false},"tr":{"title":true,"content":true,"excerpt":false},"ro":{"title":true,"content":true,"excerpt":false},"es":{"title":true,"content":true,"excerpt":false},"it":{"title":false,"content":false,"excerpt":false},"gr":{"title":true,"content":true,"excerpt":false},"az":{"title":true,"content":true,"excerpt":false},"pl":{"title":false,"content":false,"excerpt":false},"ge":{"title":true,"content":true,"excerpt":false},"pt":{"title":false,"content":false,"excerpt":false}}},"_links":{"self":[{"href":"https:\/\/www.intothesquare.org\/az\/wp-json\/wp\/v2\/posts\/743","targetHints":{"allow":["GET"]}}],"collection":[{"href":"https:\/\/www.intothesquare.org\/az\/wp-json\/wp\/v2\/posts"}],"about":[{"href":"https:\/\/www.intothesquare.org\/az\/wp-json\/wp\/v2\/types\/post"}],"author":[{"embeddable":true,"href":"https:\/\/www.intothesquare.org\/az\/wp-json\/wp\/v2\/users\/3"}],"replies":[{"embeddable":true,"href":"https:\/\/www.intothesquare.org\/az\/wp-json\/wp\/v2\/comments?post=743"}],"version-history":[{"count":0,"href":"https:\/\/www.intothesquare.org\/az\/wp-json\/wp\/v2\/posts\/743\/revisions"}],"wp:featuredmedia":[{"embeddable":true,"href":"https:\/\/www.intothesquare.org\/az\/wp-json\/wp\/v2\/media\/744"}],"wp:attachment":[{"href":"https:\/\/www.intothesquare.org\/az\/wp-json\/wp\/v2\/media?parent=743"}],"wp:term":[{"taxonomy":"category","embeddable":true,"href":"https:\/\/www.intothesquare.org\/az\/wp-json\/wp\/v2\/categories?post=743"},{"taxonomy":"post_tag","embeddable":true,"href":"https:\/\/www.intothesquare.org\/az\/wp-json\/wp\/v2\/tags?post=743"}],"curies":[{"name":"wp","href":"https:\/\/api.w.org\/{rel}","templated":true}]}}