{"id":899,"date":"2018-07-30T22:41:07","date_gmt":"2018-07-30T19:41:07","guid":{"rendered":"http:\/\/www.intothesquare.org\/?p=899"},"modified":"2025-11-17T11:23:31","modified_gmt":"2025-11-17T09:23:31","slug":"plaza-mayor-from-caceres-spain","status":"publish","type":"post","link":"https:\/\/www.intothesquare.org\/az\/2018\/european-squares\/plaza-mayor-from-caceres-spain\/","title":{"rendered":"C\u00e1ceres, \u0130spaniya, Plaza Mayor"},"content":{"rendered":"\n<figure class=\"wp-block-gallery columns-5 is-cropped wp-block-gallery-1 is-layout-flex wp-block-gallery-is-layout-flex\"><ul class=\"blocks-gallery-grid\"><li class=\"blocks-gallery-item\"><figure><img loading=\"lazy\" decoding=\"async\" width=\"1000\" height=\"750\" src=\"https:\/\/www.intothesquare.org\/wp-content\/uploads\/2018\/07\/DJI_0132.jpg\" alt=\"\" data-id=\"903\" class=\"wp-image-903\" srcset=\"https:\/\/www.intothesquare.org\/wp-content\/uploads\/2018\/07\/DJI_0132.jpg 1000w, https:\/\/www.intothesquare.org\/wp-content\/uploads\/2018\/07\/DJI_0132-300x225.jpg 300w, https:\/\/www.intothesquare.org\/wp-content\/uploads\/2018\/07\/DJI_0132-768x576.jpg 768w\" sizes=\"auto, (max-width: 1000px) 100vw, 1000px\" \/><\/figure><\/li><li class=\"blocks-gallery-item\"><figure><img loading=\"lazy\" decoding=\"async\" width=\"800\" height=\"568\" src=\"https:\/\/www.intothesquare.org\/wp-content\/uploads\/2018\/07\/IMG_2330.jpg\" alt=\"\" data-id=\"904\" class=\"wp-image-904\" srcset=\"https:\/\/www.intothesquare.org\/wp-content\/uploads\/2018\/07\/IMG_2330.jpg 800w, https:\/\/www.intothesquare.org\/wp-content\/uploads\/2018\/07\/IMG_2330-300x213.jpg 300w, https:\/\/www.intothesquare.org\/wp-content\/uploads\/2018\/07\/IMG_2330-768x545.jpg 768w\" sizes=\"auto, (max-width: 800px) 100vw, 800px\" \/><\/figure><\/li><li class=\"blocks-gallery-item\"><figure><img loading=\"lazy\" decoding=\"async\" width=\"667\" height=\"1000\" src=\"https:\/\/www.intothesquare.org\/wp-content\/uploads\/2018\/07\/IMG_2598.jpg\" alt=\"\" data-id=\"906\" class=\"wp-image-906\" srcset=\"https:\/\/www.intothesquare.org\/wp-content\/uploads\/2018\/07\/IMG_2598.jpg 667w, https:\/\/www.intothesquare.org\/wp-content\/uploads\/2018\/07\/IMG_2598-200x300.jpg 200w\" sizes=\"auto, (max-width: 667px) 100vw, 667px\" \/><\/figure><\/li><li class=\"blocks-gallery-item\"><figure><img loading=\"lazy\" decoding=\"async\" width=\"1000\" height=\"675\" src=\"https:\/\/www.intothesquare.org\/wp-content\/uploads\/2018\/07\/IMG_2583.jpg\" alt=\"\" data-id=\"901\" class=\"wp-image-901\" srcset=\"https:\/\/www.intothesquare.org\/wp-content\/uploads\/2018\/07\/IMG_2583.jpg 1000w, https:\/\/www.intothesquare.org\/wp-content\/uploads\/2018\/07\/IMG_2583-300x203.jpg 300w, https:\/\/www.intothesquare.org\/wp-content\/uploads\/2018\/07\/IMG_2583-768x518.jpg 768w\" sizes=\"auto, (max-width: 1000px) 100vw, 1000px\" \/><\/figure><\/li><li class=\"blocks-gallery-item\"><figure><img loading=\"lazy\" decoding=\"async\" width=\"1000\" height=\"617\" src=\"https:\/\/www.intothesquare.org\/wp-content\/uploads\/2018\/07\/DJI_0169-e1560972472531.jpg\" alt=\"\" data-id=\"900\" class=\"wp-image-900\" srcset=\"https:\/\/www.intothesquare.org\/wp-content\/uploads\/2018\/07\/DJI_0169-e1560972472531.jpg 1000w, https:\/\/www.intothesquare.org\/wp-content\/uploads\/2018\/07\/DJI_0169-e1560972472531-300x185.jpg 300w, https:\/\/www.intothesquare.org\/wp-content\/uploads\/2018\/07\/DJI_0169-e1560972472531-768x474.jpg 768w, https:\/\/www.intothesquare.org\/wp-content\/uploads\/2018\/07\/DJI_0169-e1560972472531-825x510.jpg 825w\" sizes=\"auto, (max-width: 1000px) 100vw, 1000px\" \/><\/figure><\/li><\/ul><\/figure>\n\n\n\n<p>Bu \u0130spaniyan\u0131n \u0259n b\u00f6y\u00fck meydanlar\u0131ndan biridir v\u0259 orta \u0259sr \u015f\u0259h\u0259rinin tam giri\u015find\u0259 yerl\u0259\u015fir.\u00a0\u0130lkin tarixi h\u0259min\u00a0\u0259razid\u0259 m\u00f6t\u0259b\u0259r ad\u0259t-\u0259n\u0259n\u0259l\u0259rin qeyd edildiyi XI \u0259sr\u0259 dayan\u0131r. Binalar\u0131 m\u00fcxt\u0259lif d\u00f6vrl\u0259r\u0259 aiddir v\u0259 h\u0259r biri 16-c\u0131 \u0259sr a\u015fa\u011f\u0131 m\u0259rt\u0259b\u0259 kolonnadas\u0131na malikdir.\u00a0\u015eimal-q\u0259rb t\u0259r\u0259find\u0259 yerl\u0259\u015f\u0259n Bujaco Qalas\u0131 g\u00f6z ox\u015fay\u0131r, g\u00fcn\u00fcm\u00fczd\u0259 is\u0259 \u015f\u0259h\u0259rin r\u0259mzi hesab olunur.\u00a0O,\u00a0\u018fr\u0259b hakimiyy\u0259ti d\u00f6vr\u00fcn\u0259 Roma t\u0259m\u0259ll\u0259ri \u00fcz\u0259rind\u0259 qurulmu\u015fdur.\u00a0\u00a0Ad\u0131n\u0131n m\u0259n\u015f\u0259yinin yerlil\u0259rin saman \u00e7\u00f6pl\u0259rind\u0259n haz\u0131rlanm\u0131\u015f g\u0259lincikl\u0259r\u0259 verdikl\u0259ri addan \u2013\u00a0<em>\u201cbujacos\u201d<\/em>\u00a0s\u00f6z\u00fcnd\u0259n al\u0131nd\u0131\u011f\u0131 d\u00fc\u015f\u00fcn\u00fcl\u00fcr.\u00a0<\/p>\n\n\n\n<div class=\"wp-block-image\"><figure class=\"aligncenter\"><img loading=\"lazy\" decoding=\"async\" width=\"1000\" height=\"492\" src=\"https:\/\/www.intothesquare.org\/wp-content\/uploads\/2018\/07\/IMG_2340.jpg\" alt=\"\" class=\"wp-image-905\" srcset=\"https:\/\/www.intothesquare.org\/wp-content\/uploads\/2018\/07\/IMG_2340.jpg 1000w, https:\/\/www.intothesquare.org\/wp-content\/uploads\/2018\/07\/IMG_2340-300x148.jpg 300w, https:\/\/www.intothesquare.org\/wp-content\/uploads\/2018\/07\/IMG_2340-768x378.jpg 768w\" sizes=\"auto, (max-width: 1000px) 100vw, 1000px\" \/><\/figure><\/div>\n","protected":false},"excerpt":{"rendered":"<p>Bu \u0130spaniyan\u0131n \u0259n b\u00f6y\u00fck meydanlar\u0131ndan biridir v\u0259 orta \u0259sr \u015f\u0259h\u0259rinin tam giri\u015find\u0259 yerl\u0259\u015fir.\u00a0\u0130lkin tarixi h\u0259min\u00a0\u0259razid\u0259 m\u00f6t\u0259b\u0259r ad\u0259t-\u0259n\u0259n\u0259l\u0259rin qeyd edildiyi XI \u0259sr\u0259 dayan\u0131r. Binalar\u0131 m\u00fcxt\u0259lif d\u00f6vrl\u0259r\u0259 aiddir v\u0259 h\u0259r biri 16-c\u0131 \u0259sr a\u015fa\u011f\u0131 m\u0259rt\u0259b\u0259 kolonnadas\u0131na malikdir.\u00a0\u015eimal-q\u0259rb t\u0259r\u0259find\u0259 yerl\u0259\u015f\u0259n Bujaco Qalas\u0131 g\u00f6z ox\u015fay\u0131r, g\u00fcn\u00fcm\u00fczd\u0259 is\u0259 \u015f\u0259h\u0259rin r\u0259mzi hesab olunur.\u00a0O,\u00a0\u018fr\u0259b hakimiyy\u0259ti d\u00f6vr\u00fcn\u0259 Roma t\u0259m\u0259ll\u0259ri \u00fcz\u0259rind\u0259 qurulmu\u015fdur.\u00a0\u00a0Ad\u0131n\u0131n m\u0259n\u015f\u0259yinin yerlil\u0259rin &hellip; <a href=\"https:\/\/www.intothesquare.org\/az\/2018\/european-squares\/plaza-mayor-from-caceres-spain\/\" class=\"more-link\">Continue reading <span class=\"screen-reader-text\">C\u00e1ceres, \u0130spaniya, Plaza Mayor<\/span><\/a><\/p>\n","protected":false},"author":3,"featured_media":900,"comment_status":"closed","ping_status":"closed","sticky":false,"template":"","format":"standard","meta":{"footnotes":""},"categories":[14],"tags":[47,141,139,138,113,114,149,136,145,151,142,148,147,84,140,146,74,135,150,21],"class_list":["post-899","post","type-post","status-publish","format-standard","has-post-thumbnail","hentry","category-european-squares","tag-16th-century","tag-aerial-view","tag-agora","tag-architecture","tag-arhitectura-maura","tag-arhitectura-medievala","tag-az","tag-drone","tag-en","tag-es","tag-exhibition","tag-ge","tag-gr","tag-piete-din-spania","tag-public-space","tag-ro","tag-spain","tag-square","tag-tr","tag-urbanism"],"translation":{"provider":"WPGlobus","version":"3.0.0","language":"az","enabled_languages":["en","tr","ro","es","it","gr","az","pl","ge","pt"],"languages":{"en":{"title":true,"content":true,"excerpt":false},"tr":{"title":true,"content":true,"excerpt":false},"ro":{"title":true,"content":true,"excerpt":false},"es":{"title":true,"content":true,"excerpt":false},"it":{"title":false,"content":false,"excerpt":false},"gr":{"title":true,"content":true,"excerpt":false},"az":{"title":true,"content":true,"excerpt":false},"pl":{"title":false,"content":false,"excerpt":false},"ge":{"title":true,"content":true,"excerpt":false},"pt":{"title":false,"content":false,"excerpt":false}}},"_links":{"self":[{"href":"https:\/\/www.intothesquare.org\/az\/wp-json\/wp\/v2\/posts\/899","targetHints":{"allow":["GET"]}}],"collection":[{"href":"https:\/\/www.intothesquare.org\/az\/wp-json\/wp\/v2\/posts"}],"about":[{"href":"https:\/\/www.intothesquare.org\/az\/wp-json\/wp\/v2\/types\/post"}],"author":[{"embeddable":true,"href":"https:\/\/www.intothesquare.org\/az\/wp-json\/wp\/v2\/users\/3"}],"replies":[{"embeddable":true,"href":"https:\/\/www.intothesquare.org\/az\/wp-json\/wp\/v2\/comments?post=899"}],"version-history":[{"count":1,"href":"https:\/\/www.intothesquare.org\/az\/wp-json\/wp\/v2\/posts\/899\/revisions"}],"predecessor-version":[{"id":5936,"href":"https:\/\/www.intothesquare.org\/az\/wp-json\/wp\/v2\/posts\/899\/revisions\/5936"}],"wp:featuredmedia":[{"embeddable":true,"href":"https:\/\/www.intothesquare.org\/az\/wp-json\/wp\/v2\/media\/900"}],"wp:attachment":[{"href":"https:\/\/www.intothesquare.org\/az\/wp-json\/wp\/v2\/media?parent=899"}],"wp:term":[{"taxonomy":"category","embeddable":true,"href":"https:\/\/www.intothesquare.org\/az\/wp-json\/wp\/v2\/categories?post=899"},{"taxonomy":"post_tag","embeddable":true,"href":"https:\/\/www.intothesquare.org\/az\/wp-json\/wp\/v2\/tags?post=899"}],"curies":[{"name":"wp","href":"https:\/\/api.w.org\/{rel}","templated":true}]}}