{"id":1969,"date":"2020-02-02T16:03:12","date_gmt":"2020-02-02T14:03:12","guid":{"rendered":"http:\/\/www.intothesquare.org\/?p=1969"},"modified":"2024-04-26T22:40:48","modified_gmt":"2024-04-26T19:40:48","slug":"marktplein-de-hof-from-amersfoort-netherlands","status":"publish","type":"post","link":"https:\/\/www.intothesquare.org\/ro\/2020\/european-squares\/marktplein-de-hof-from-amersfoort-netherlands\/","title":{"rendered":"Marktplein de Hof din Amersfoort, Olanda"},"content":{"rendered":"\r\n<figure class=\"wp-block-gallery columns-5 is-cropped wp-block-gallery-1 is-layout-flex wp-block-gallery-is-layout-flex\">\r\n<ul class=\"blocks-gallery-grid\">\r\n<li class=\"blocks-gallery-item\">\r\n<figure><img loading=\"lazy\" decoding=\"async\" width=\"451\" height=\"1024\" class=\"wp-image-1976\" src=\"https:\/\/www.intothesquare.org\/wp-content\/uploads\/2020\/02\/0013-451x1024.jpg\" alt=\"\" data-id=\"1976\" data-full-url=\"https:\/\/www.intothesquare.org\/wp-content\/uploads\/2020\/02\/0013.jpg\" data-link=\"https:\/\/www.intothesquare.org\/2020\/uncategorized\/marktplein-de-hof-from-amersfoort-netherlands\/attachment\/0013\/\" srcset=\"https:\/\/www.intothesquare.org\/wp-content\/uploads\/2020\/02\/0013-451x1024.jpg 451w, https:\/\/www.intothesquare.org\/wp-content\/uploads\/2020\/02\/0013-132x300.jpg 132w, https:\/\/www.intothesquare.org\/wp-content\/uploads\/2020\/02\/0013-768x1742.jpg 768w, https:\/\/www.intothesquare.org\/wp-content\/uploads\/2020\/02\/0013-677x1536.jpg 677w, https:\/\/www.intothesquare.org\/wp-content\/uploads\/2020\/02\/0013-903x2048.jpg 903w, https:\/\/www.intothesquare.org\/wp-content\/uploads\/2020\/02\/0013.jpg 945w\" sizes=\"auto, (max-width: 451px) 100vw, 451px\" \/><\/figure>\r\n<\/li>\r\n<li class=\"blocks-gallery-item\">\r\n<figure><img loading=\"lazy\" decoding=\"async\" width=\"682\" height=\"1024\" class=\"wp-image-1974\" src=\"https:\/\/www.intothesquare.org\/wp-content\/uploads\/2020\/02\/0003-682x1024.jpg\" alt=\"\" data-id=\"1974\" data-full-url=\"https:\/\/www.intothesquare.org\/wp-content\/uploads\/2020\/02\/0003.jpg\" data-link=\"https:\/\/www.intothesquare.org\/2020\/uncategorized\/marktplein-de-hof-from-amersfoort-netherlands\/attachment\/0003\/\" srcset=\"https:\/\/www.intothesquare.org\/wp-content\/uploads\/2020\/02\/0003-682x1024.jpg 682w, https:\/\/www.intothesquare.org\/wp-content\/uploads\/2020\/02\/0003-200x300.jpg 200w, https:\/\/www.intothesquare.org\/wp-content\/uploads\/2020\/02\/0003-768x1152.jpg 768w, https:\/\/www.intothesquare.org\/wp-content\/uploads\/2020\/02\/0003.jpg 945w\" sizes=\"auto, (max-width: 682px) 100vw, 682px\" \/><\/figure>\r\n<\/li>\r\n<li class=\"blocks-gallery-item\">\r\n<figure><img loading=\"lazy\" decoding=\"async\" width=\"945\" height=\"630\" class=\"wp-image-1973\" src=\"https:\/\/www.intothesquare.org\/wp-content\/uploads\/2020\/02\/0002.jpg\" alt=\"\" data-id=\"1973\" data-full-url=\"https:\/\/www.intothesquare.org\/wp-content\/uploads\/2020\/02\/0002.jpg\" data-link=\"https:\/\/www.intothesquare.org\/2020\/uncategorized\/marktplein-de-hof-from-amersfoort-netherlands\/attachment\/0002\/\" srcset=\"https:\/\/www.intothesquare.org\/wp-content\/uploads\/2020\/02\/0002.jpg 945w, https:\/\/www.intothesquare.org\/wp-content\/uploads\/2020\/02\/0002-300x200.jpg 300w, https:\/\/www.intothesquare.org\/wp-content\/uploads\/2020\/02\/0002-768x512.jpg 768w\" sizes=\"auto, (max-width: 945px) 100vw, 945px\" \/><\/figure>\r\n<\/li>\r\n<li class=\"blocks-gallery-item\">\r\n<figure><img loading=\"lazy\" decoding=\"async\" width=\"945\" height=\"630\" class=\"wp-image-1975\" src=\"https:\/\/www.intothesquare.org\/wp-content\/uploads\/2020\/02\/0006.jpg\" alt=\"\" data-id=\"1975\" data-full-url=\"https:\/\/www.intothesquare.org\/wp-content\/uploads\/2020\/02\/0006.jpg\" data-link=\"https:\/\/www.intothesquare.org\/2020\/uncategorized\/marktplein-de-hof-from-amersfoort-netherlands\/attachment\/0006\/\" srcset=\"https:\/\/www.intothesquare.org\/wp-content\/uploads\/2020\/02\/0006.jpg 945w, https:\/\/www.intothesquare.org\/wp-content\/uploads\/2020\/02\/0006-300x200.jpg 300w, https:\/\/www.intothesquare.org\/wp-content\/uploads\/2020\/02\/0006-768x512.jpg 768w\" sizes=\"auto, (max-width: 945px) 100vw, 945px\" \/><\/figure>\r\n<\/li>\r\n<li class=\"blocks-gallery-item\">\r\n<figure><img loading=\"lazy\" decoding=\"async\" width=\"945\" height=\"630\" class=\"wp-image-1972\" src=\"https:\/\/www.intothesquare.org\/wp-content\/uploads\/2020\/02\/0001.jpg\" alt=\"\" data-id=\"1972\" data-full-url=\"https:\/\/www.intothesquare.org\/wp-content\/uploads\/2020\/02\/0001.jpg\" data-link=\"https:\/\/www.intothesquare.org\/2020\/uncategorized\/marktplein-de-hof-from-amersfoort-netherlands\/attachment\/0001\/\" srcset=\"https:\/\/www.intothesquare.org\/wp-content\/uploads\/2020\/02\/0001.jpg 945w, https:\/\/www.intothesquare.org\/wp-content\/uploads\/2020\/02\/0001-300x200.jpg 300w, https:\/\/www.intothesquare.org\/wp-content\/uploads\/2020\/02\/0001-768x512.jpg 768w\" sizes=\"auto, (max-width: 945px) 100vw, 945px\" \/><\/figure>\r\n<\/li>\r\n<\/ul>\r\n<\/figure>\r\n\r\n\r\n\r\n<p>Acest ora\u0219 p\u0103streaz\u0103 urmele grani\u021belor succesive. Zidurile din jurul centrului au fost d\u0103r\u00e2mate \u00een secolul al XV-lea, dar se mai v\u0103d pozi\u021biile lor ini\u021biale, marcate de \u201emuurhuizen\u201d, casele-ziduri de lut. Suburbiile liniare au crescut \u00een afara ora\u0219ului vechi, de-a lungul drumurilor principale. \u00cen timp, spa\u021biile dintre acestea \u0219i ora\u0219 s-au umplut, iar ora\u0219ul \u00eensu\u0219i s-a extins \u0219i mai mult, dincolo de autostrad\u0103. \u00cen centru se afl\u0103 pia\u021ba, Marktplein de Hof.<\/p>\r\n\r\n\r\n\r\n<figure class=\"wp-block-image size-large\"><img loading=\"lazy\" decoding=\"async\" width=\"1024\" height=\"633\" class=\"wp-image-1971\" src=\"https:\/\/www.intothesquare.org\/wp-content\/uploads\/2020\/02\/0195-1024x633.jpg\" alt=\"\" srcset=\"https:\/\/www.intothesquare.org\/wp-content\/uploads\/2020\/02\/0195-1024x633.jpg 1024w, https:\/\/www.intothesquare.org\/wp-content\/uploads\/2020\/02\/0195-300x185.jpg 300w, https:\/\/www.intothesquare.org\/wp-content\/uploads\/2020\/02\/0195-768x475.jpg 768w, https:\/\/www.intothesquare.org\/wp-content\/uploads\/2020\/02\/0195-825x510.jpg 825w, https:\/\/www.intothesquare.org\/wp-content\/uploads\/2020\/02\/0195.jpg 1087w\" sizes=\"auto, (max-width: 1024px) 100vw, 1024px\" \/><\/figure>\r\n","protected":false},"excerpt":{"rendered":"<p>Acest ora\u0219 p\u0103streaz\u0103 urmele grani\u021belor succesive. Zidurile din jurul centrului au fost d\u0103r\u00e2mate \u00een secolul al XV-lea, dar se mai v\u0103d pozi\u021biile lor ini\u021biale, marcate de \u201emuurhuizen\u201d, casele-ziduri de lut. Suburbiile liniare au crescut \u00een afara ora\u0219ului vechi, de-a lungul drumurilor principale. \u00cen timp, spa\u021biile dintre acestea \u0219i ora\u0219 s-au umplut, iar ora\u0219ul \u00eensu\u0219i s-a &hellip; <a href=\"https:\/\/www.intothesquare.org\/ro\/2020\/european-squares\/marktplein-de-hof-from-amersfoort-netherlands\/\" class=\"more-link\">Continue reading <span class=\"screen-reader-text\">Marktplein de Hof din Amersfoort, Olanda<\/span><\/a><\/p>\n","protected":false},"author":3,"featured_media":1971,"comment_status":"closed","ping_status":"closed","sticky":false,"template":"","format":"standard","meta":{"footnotes":""},"categories":[14],"tags":[149,145,151,148,147,146,150],"class_list":["post-1969","post","type-post","status-publish","format-standard","has-post-thumbnail","hentry","category-european-squares","tag-az","tag-en","tag-es","tag-ge","tag-gr","tag-ro","tag-tr"],"translation":{"provider":"WPGlobus","version":"3.0.0","language":"ro","enabled_languages":["en","tr","ro","es","it","gr","az","pl","ge","pt"],"languages":{"en":{"title":true,"content":true,"excerpt":false},"tr":{"title":true,"content":true,"excerpt":false},"ro":{"title":true,"content":true,"excerpt":false},"es":{"title":true,"content":true,"excerpt":false},"it":{"title":false,"content":false,"excerpt":false},"gr":{"title":true,"content":true,"excerpt":false},"az":{"title":true,"content":true,"excerpt":false},"pl":{"title":false,"content":false,"excerpt":false},"ge":{"title":true,"content":true,"excerpt":false},"pt":{"title":false,"content":false,"excerpt":false}}},"_links":{"self":[{"href":"https:\/\/www.intothesquare.org\/ro\/wp-json\/wp\/v2\/posts\/1969","targetHints":{"allow":["GET"]}}],"collection":[{"href":"https:\/\/www.intothesquare.org\/ro\/wp-json\/wp\/v2\/posts"}],"about":[{"href":"https:\/\/www.intothesquare.org\/ro\/wp-json\/wp\/v2\/types\/post"}],"author":[{"embeddable":true,"href":"https:\/\/www.intothesquare.org\/ro\/wp-json\/wp\/v2\/users\/3"}],"replies":[{"embeddable":true,"href":"https:\/\/www.intothesquare.org\/ro\/wp-json\/wp\/v2\/comments?post=1969"}],"version-history":[{"count":0,"href":"https:\/\/www.intothesquare.org\/ro\/wp-json\/wp\/v2\/posts\/1969\/revisions"}],"wp:featuredmedia":[{"embeddable":true,"href":"https:\/\/www.intothesquare.org\/ro\/wp-json\/wp\/v2\/media\/1971"}],"wp:attachment":[{"href":"https:\/\/www.intothesquare.org\/ro\/wp-json\/wp\/v2\/media?parent=1969"}],"wp:term":[{"taxonomy":"category","embeddable":true,"href":"https:\/\/www.intothesquare.org\/ro\/wp-json\/wp\/v2\/categories?post=1969"},{"taxonomy":"post_tag","embeddable":true,"href":"https:\/\/www.intothesquare.org\/ro\/wp-json\/wp\/v2\/tags?post=1969"}],"curies":[{"name":"wp","href":"https:\/\/api.w.org\/{rel}","templated":true}]}}