{"id":1996,"date":"2020-02-02T16:18:08","date_gmt":"2020-02-02T14:18:08","guid":{"rendered":"http:\/\/www.intothesquare.org\/?p=1996"},"modified":"2024-04-26T22:39:11","modified_gmt":"2024-04-26T19:39:11","slug":"velke-namesti-from-kromeriz-czech-republic","status":"publish","type":"post","link":"https:\/\/www.intothesquare.org\/ro\/2020\/european-squares\/velke-namesti-from-kromeriz-czech-republic\/","title":{"rendered":"Velk\u00e9 n\u00e1m\u011bst\u00ed din Krom\u011b\u0159\u00ed\u017e, Cehia"},"content":{"rendered":"\n<figure class=\"wp-block-gallery columns-4 is-cropped wp-block-gallery-1 is-layout-flex wp-block-gallery-is-layout-flex\"><ul class=\"blocks-gallery-grid\"><li class=\"blocks-gallery-item\"><figure><img loading=\"lazy\" decoding=\"async\" width=\"945\" height=\"630\" src=\"https:\/\/www.intothesquare.org\/wp-content\/uploads\/2020\/02\/0097.jpg\" alt=\"\" data-id=\"2001\" data-full-url=\"https:\/\/www.intothesquare.org\/wp-content\/uploads\/2020\/02\/0097.jpg\" data-link=\"https:\/\/www.intothesquare.org\/2020\/european-squares\/velke-namesti-from-kromeriz-czech-republic\/attachment\/0097\/\" class=\"wp-image-2001\" srcset=\"https:\/\/www.intothesquare.org\/wp-content\/uploads\/2020\/02\/0097.jpg 945w, https:\/\/www.intothesquare.org\/wp-content\/uploads\/2020\/02\/0097-300x200.jpg 300w, https:\/\/www.intothesquare.org\/wp-content\/uploads\/2020\/02\/0097-768x512.jpg 768w\" sizes=\"auto, (max-width: 945px) 100vw, 945px\" \/><\/figure><\/li><li class=\"blocks-gallery-item\"><figure><img loading=\"lazy\" decoding=\"async\" width=\"945\" height=\"630\" src=\"https:\/\/www.intothesquare.org\/wp-content\/uploads\/2020\/02\/0098.jpg\" alt=\"\" data-id=\"2002\" data-full-url=\"https:\/\/www.intothesquare.org\/wp-content\/uploads\/2020\/02\/0098.jpg\" data-link=\"https:\/\/www.intothesquare.org\/2020\/european-squares\/velke-namesti-from-kromeriz-czech-republic\/attachment\/0098\/\" class=\"wp-image-2002\" srcset=\"https:\/\/www.intothesquare.org\/wp-content\/uploads\/2020\/02\/0098.jpg 945w, https:\/\/www.intothesquare.org\/wp-content\/uploads\/2020\/02\/0098-300x200.jpg 300w, https:\/\/www.intothesquare.org\/wp-content\/uploads\/2020\/02\/0098-768x512.jpg 768w\" sizes=\"auto, (max-width: 945px) 100vw, 945px\" \/><\/figure><\/li><li class=\"blocks-gallery-item\"><figure><img loading=\"lazy\" decoding=\"async\" width=\"945\" height=\"630\" src=\"https:\/\/www.intothesquare.org\/wp-content\/uploads\/2020\/02\/0093.jpg\" alt=\"\" data-id=\"1999\" data-full-url=\"https:\/\/www.intothesquare.org\/wp-content\/uploads\/2020\/02\/0093.jpg\" data-link=\"https:\/\/www.intothesquare.org\/2020\/european-squares\/velke-namesti-from-kromeriz-czech-republic\/attachment\/0093\/\" class=\"wp-image-1999\" srcset=\"https:\/\/www.intothesquare.org\/wp-content\/uploads\/2020\/02\/0093.jpg 945w, https:\/\/www.intothesquare.org\/wp-content\/uploads\/2020\/02\/0093-300x200.jpg 300w, https:\/\/www.intothesquare.org\/wp-content\/uploads\/2020\/02\/0093-768x512.jpg 768w\" sizes=\"auto, (max-width: 945px) 100vw, 945px\" \/><\/figure><\/li><li class=\"blocks-gallery-item\"><figure><img loading=\"lazy\" decoding=\"async\" width=\"945\" height=\"630\" src=\"https:\/\/www.intothesquare.org\/wp-content\/uploads\/2020\/02\/0096.jpg\" alt=\"\" data-id=\"2000\" data-full-url=\"https:\/\/www.intothesquare.org\/wp-content\/uploads\/2020\/02\/0096.jpg\" data-link=\"https:\/\/www.intothesquare.org\/2020\/european-squares\/velke-namesti-from-kromeriz-czech-republic\/attachment\/0096\/\" class=\"wp-image-2000\" srcset=\"https:\/\/www.intothesquare.org\/wp-content\/uploads\/2020\/02\/0096.jpg 945w, https:\/\/www.intothesquare.org\/wp-content\/uploads\/2020\/02\/0096-300x200.jpg 300w, https:\/\/www.intothesquare.org\/wp-content\/uploads\/2020\/02\/0096-768x512.jpg 768w\" sizes=\"auto, (max-width: 945px) 100vw, 945px\" \/><\/figure><\/li><li class=\"blocks-gallery-item\"><figure><img loading=\"lazy\" decoding=\"async\" width=\"945\" height=\"709\" src=\"https:\/\/www.intothesquare.org\/wp-content\/uploads\/2020\/02\/0102.jpg\" alt=\"\" data-id=\"2004\" data-full-url=\"https:\/\/www.intothesquare.org\/wp-content\/uploads\/2020\/02\/0102.jpg\" data-link=\"https:\/\/www.intothesquare.org\/2020\/european-squares\/velke-namesti-from-kromeriz-czech-republic\/attachment\/dcim100mediadji_0061-jpg-3\/\" class=\"wp-image-2004\" srcset=\"https:\/\/www.intothesquare.org\/wp-content\/uploads\/2020\/02\/0102.jpg 945w, https:\/\/www.intothesquare.org\/wp-content\/uploads\/2020\/02\/0102-300x225.jpg 300w, https:\/\/www.intothesquare.org\/wp-content\/uploads\/2020\/02\/0102-768x576.jpg 768w\" sizes=\"auto, (max-width: 945px) 100vw, 945px\" \/><\/figure><\/li><li class=\"blocks-gallery-item\"><figure><img loading=\"lazy\" decoding=\"async\" width=\"945\" height=\"709\" src=\"https:\/\/www.intothesquare.org\/wp-content\/uploads\/2020\/02\/0101.jpg\" alt=\"\" data-id=\"2003\" data-full-url=\"https:\/\/www.intothesquare.org\/wp-content\/uploads\/2020\/02\/0101.jpg\" data-link=\"https:\/\/www.intothesquare.org\/2020\/european-squares\/velke-namesti-from-kromeriz-czech-republic\/attachment\/dcim100mediadji_0011-jpg\/\" class=\"wp-image-2003\" srcset=\"https:\/\/www.intothesquare.org\/wp-content\/uploads\/2020\/02\/0101.jpg 945w, https:\/\/www.intothesquare.org\/wp-content\/uploads\/2020\/02\/0101-300x225.jpg 300w, https:\/\/www.intothesquare.org\/wp-content\/uploads\/2020\/02\/0101-768x576.jpg 768w\" sizes=\"auto, (max-width: 945px) 100vw, 945px\" \/><\/figure><\/li><\/ul><\/figure>\n\n\n\n<p>Krom\u011b\u0159\u00ed\u017e, men\u021bionat prima dat\u0103 la 1110, are o pia\u021b\u0103 mare, al c\u0103rei punct focal e coloana baroc\u0103 ridicat\u0103 \u00een mijloc pentru a marca sf\u00e2r\u0219itul epidemiei de cium\u0103, la 1680. Al\u0103turi e o f\u00e2nt\u00e2n\u0103, parte a sistemului de alimentare cu ap\u0103 al ora\u0219ului, dat\u00e2nd din 1665, dar modificat\u0103 de mai multe ori. Cl\u0103direa prim\u0103riei \u0219i un lung \u0219ir de case renascentiste sau cu fa\u021bade Art Nouveau m\u0103rginesc pia\u021ba, dar de departe cea mai impresionant\u0103 cl\u0103dire r\u0103m\u00e2ne palatul episcopal, cu splendidele \u0219i marile sale gr\u0103dini, incluse pe lista mondial\u0103 a patrimoniului UNESCO. <br> <\/p>\n\n\n\n<figure class=\"wp-block-image size-large\"><img loading=\"lazy\" decoding=\"async\" width=\"936\" height=\"579\" src=\"https:\/\/www.intothesquare.org\/wp-content\/uploads\/2020\/02\/0100.jpg\" alt=\"\" class=\"wp-image-1997\" srcset=\"https:\/\/www.intothesquare.org\/wp-content\/uploads\/2020\/02\/0100.jpg 936w, https:\/\/www.intothesquare.org\/wp-content\/uploads\/2020\/02\/0100-300x186.jpg 300w, https:\/\/www.intothesquare.org\/wp-content\/uploads\/2020\/02\/0100-768x475.jpg 768w, https:\/\/www.intothesquare.org\/wp-content\/uploads\/2020\/02\/0100-825x510.jpg 825w\" sizes=\"auto, (max-width: 936px) 100vw, 936px\" \/><\/figure>\n","protected":false},"excerpt":{"rendered":"<p>Krom\u011b\u0159\u00ed\u017e, men\u021bionat prima dat\u0103 la 1110, are o pia\u021b\u0103 mare, al c\u0103rei punct focal e coloana baroc\u0103 ridicat\u0103 \u00een mijloc pentru a marca sf\u00e2r\u0219itul epidemiei de cium\u0103, la 1680. Al\u0103turi e o f\u00e2nt\u00e2n\u0103, parte a sistemului de alimentare cu ap\u0103 al ora\u0219ului, dat\u00e2nd din 1665, dar modificat\u0103 de mai multe ori. Cl\u0103direa prim\u0103riei \u0219i un &hellip; <a href=\"https:\/\/www.intothesquare.org\/ro\/2020\/european-squares\/velke-namesti-from-kromeriz-czech-republic\/\" class=\"more-link\">Continue reading <span class=\"screen-reader-text\">Velk\u00e9 n\u00e1m\u011bst\u00ed din Krom\u011b\u0159\u00ed\u017e, Cehia<\/span><\/a><\/p>\n","protected":false},"author":3,"featured_media":1997,"comment_status":"closed","ping_status":"closed","sticky":false,"template":"","format":"standard","meta":{"footnotes":""},"categories":[14],"tags":[149,145,148,147,146,150],"class_list":["post-1996","post","type-post","status-publish","format-standard","has-post-thumbnail","hentry","category-european-squares","tag-az","tag-en","tag-ge","tag-gr","tag-ro","tag-tr"],"translation":{"provider":"WPGlobus","version":"3.0.0","language":"ro","enabled_languages":["en","tr","ro","es","it","gr","az","pl","ge","pt"],"languages":{"en":{"title":true,"content":true,"excerpt":false},"tr":{"title":true,"content":true,"excerpt":false},"ro":{"title":true,"content":true,"excerpt":false},"es":{"title":false,"content":false,"excerpt":false},"it":{"title":false,"content":false,"excerpt":false},"gr":{"title":true,"content":true,"excerpt":false},"az":{"title":true,"content":true,"excerpt":false},"pl":{"title":false,"content":false,"excerpt":false},"ge":{"title":true,"content":true,"excerpt":false},"pt":{"title":false,"content":false,"excerpt":false}}},"_links":{"self":[{"href":"https:\/\/www.intothesquare.org\/ro\/wp-json\/wp\/v2\/posts\/1996","targetHints":{"allow":["GET"]}}],"collection":[{"href":"https:\/\/www.intothesquare.org\/ro\/wp-json\/wp\/v2\/posts"}],"about":[{"href":"https:\/\/www.intothesquare.org\/ro\/wp-json\/wp\/v2\/types\/post"}],"author":[{"embeddable":true,"href":"https:\/\/www.intothesquare.org\/ro\/wp-json\/wp\/v2\/users\/3"}],"replies":[{"embeddable":true,"href":"https:\/\/www.intothesquare.org\/ro\/wp-json\/wp\/v2\/comments?post=1996"}],"version-history":[{"count":0,"href":"https:\/\/www.intothesquare.org\/ro\/wp-json\/wp\/v2\/posts\/1996\/revisions"}],"wp:featuredmedia":[{"embeddable":true,"href":"https:\/\/www.intothesquare.org\/ro\/wp-json\/wp\/v2\/media\/1997"}],"wp:attachment":[{"href":"https:\/\/www.intothesquare.org\/ro\/wp-json\/wp\/v2\/media?parent=1996"}],"wp:term":[{"taxonomy":"category","embeddable":true,"href":"https:\/\/www.intothesquare.org\/ro\/wp-json\/wp\/v2\/categories?post=1996"},{"taxonomy":"post_tag","embeddable":true,"href":"https:\/\/www.intothesquare.org\/ro\/wp-json\/wp\/v2\/tags?post=1996"}],"curies":[{"name":"wp","href":"https:\/\/api.w.org\/{rel}","templated":true}]}}