{"id":2089,"date":"2020-02-03T11:27:08","date_gmt":"2020-02-03T09:27:08","guid":{"rendered":"http:\/\/www.intothesquare.org\/?p=2089"},"modified":"2024-04-26T22:32:21","modified_gmt":"2024-04-26T19:32:21","slug":"piazza-dellunita-ditalia-from-1-trieste-italy","status":"publish","type":"post","link":"https:\/\/www.intothesquare.org\/ro\/2020\/european-squares\/piazza-dellunita-ditalia-from-1-trieste-italy\/","title":{"rendered":"Piazza dell\u2019Unit\u00e0 d\u2019Italia din Trieste, Italia"},"content":{"rendered":"\n<figure class=\"wp-block-gallery columns-3 is-cropped wp-block-gallery-1 is-layout-flex wp-block-gallery-is-layout-flex\"><ul class=\"blocks-gallery-grid\"><li class=\"blocks-gallery-item\"><figure><img loading=\"lazy\" decoding=\"async\" width=\"1024\" height=\"683\" src=\"https:\/\/www.intothesquare.org\/wp-content\/uploads\/2020\/02\/172-1024x683.jpg\" alt=\"\" data-id=\"2091\" data-full-url=\"https:\/\/www.intothesquare.org\/wp-content\/uploads\/2020\/02\/172.jpg\" data-link=\"https:\/\/www.intothesquare.org\/2020\/european-squares\/piazza-dellunita-ditalia-from-1-trieste-italy\/attachment\/172\/\" class=\"wp-image-2091\" srcset=\"https:\/\/www.intothesquare.org\/wp-content\/uploads\/2020\/02\/172-1024x683.jpg 1024w, https:\/\/www.intothesquare.org\/wp-content\/uploads\/2020\/02\/172-300x200.jpg 300w, https:\/\/www.intothesquare.org\/wp-content\/uploads\/2020\/02\/172-768x512.jpg 768w, https:\/\/www.intothesquare.org\/wp-content\/uploads\/2020\/02\/172.jpg 1296w\" sizes=\"auto, (max-width: 1024px) 100vw, 1024px\" \/><\/figure><\/li><li class=\"blocks-gallery-item\"><figure><img loading=\"lazy\" decoding=\"async\" width=\"1024\" height=\"683\" src=\"https:\/\/www.intothesquare.org\/wp-content\/uploads\/2020\/02\/173-1024x683.jpg\" alt=\"\" data-id=\"2092\" data-full-url=\"https:\/\/www.intothesquare.org\/wp-content\/uploads\/2020\/02\/173.jpg\" data-link=\"https:\/\/www.intothesquare.org\/2020\/european-squares\/piazza-dellunita-ditalia-from-1-trieste-italy\/attachment\/173\/\" class=\"wp-image-2092\" srcset=\"https:\/\/www.intothesquare.org\/wp-content\/uploads\/2020\/02\/173-1024x683.jpg 1024w, https:\/\/www.intothesquare.org\/wp-content\/uploads\/2020\/02\/173-300x200.jpg 300w, https:\/\/www.intothesquare.org\/wp-content\/uploads\/2020\/02\/173-768x512.jpg 768w, https:\/\/www.intothesquare.org\/wp-content\/uploads\/2020\/02\/173.jpg 1296w\" sizes=\"auto, (max-width: 1024px) 100vw, 1024px\" \/><\/figure><\/li><li class=\"blocks-gallery-item\"><figure><img loading=\"lazy\" decoding=\"async\" width=\"1024\" height=\"634\" src=\"https:\/\/www.intothesquare.org\/wp-content\/uploads\/2020\/02\/174-1024x634.jpg\" alt=\"\" data-id=\"2093\" data-full-url=\"https:\/\/www.intothesquare.org\/wp-content\/uploads\/2020\/02\/174.jpg\" data-link=\"https:\/\/www.intothesquare.org\/2020\/european-squares\/piazza-dellunita-ditalia-from-1-trieste-italy\/attachment\/174\/\" class=\"wp-image-2093\" srcset=\"https:\/\/www.intothesquare.org\/wp-content\/uploads\/2020\/02\/174-1024x634.jpg 1024w, https:\/\/www.intothesquare.org\/wp-content\/uploads\/2020\/02\/174-300x186.jpg 300w, https:\/\/www.intothesquare.org\/wp-content\/uploads\/2020\/02\/174-768x475.jpg 768w, https:\/\/www.intothesquare.org\/wp-content\/uploads\/2020\/02\/174-825x510.jpg 825w, https:\/\/www.intothesquare.org\/wp-content\/uploads\/2020\/02\/174.jpg 1296w\" sizes=\"auto, (max-width: 1024px) 100vw, 1024px\" \/><\/figure><\/li><\/ul><\/figure>\n\n\n\n<p><\/p>\n\n\n\n<p>Piazza Grande sau Piazza dell\u2019Unit\u00e0 d\u2019Italia e cea mai mare pia\u021b\u0103 cu deschidere la mare din \u00eentreaga Europ\u0103, m\u0103sur\u00e2nd aproape 17 000 m<sup>2<\/sup>. De\u0219i desp\u0103r\u021bite de o \u0219osea \u0219i o promenad\u0103, pia\u021ba \u0219i apele Adriaticii par s\u0103 se uneasc\u0103 atunci c\u00e2nd trec\u0103torul prive\u0219te spa\u021biul dinspre cel\u0103lalt cap\u0103t al pie\u021bei, acolo unde se afl\u0103\u00a0<em>Fontana dei Quattro Continenti<\/em>, punctul c\u0103tre care converg mai toate drumurile importante din ora\u0219<em>.\u00a0<\/em>Doar cele dou\u0103 catarge pentru steaguri compun o ram\u0103 a perspectivei.\u00a0Istoria pie\u021bei \u00eencepe \u00een 1252, cu ridicarea unui prim Palazzo Comunale, dar \u00eenf\u0103\u021bi\u0219area actual\u0103 e mult mai recent\u0103, reflect\u00e2nd transform\u0103rile din a doua parte a secolului al XIX-lea, perioad\u0103 \u00een care ora\u0219ul f\u0103cea parte din Imperiul Austro-Ungar. Dup\u0103 1858 sunt construite majoritatea cl\u0103dirilor monumentale care definesc perimetrul pie\u021bei.<\/p>\n\n\n\n<figure class=\"wp-block-image size-large\"><img loading=\"lazy\" decoding=\"async\" width=\"1024\" height=\"634\" src=\"https:\/\/www.intothesquare.org\/wp-content\/uploads\/2020\/02\/170-1024x634.jpg\" alt=\"\" class=\"wp-image-2090\" srcset=\"https:\/\/www.intothesquare.org\/wp-content\/uploads\/2020\/02\/170-1024x634.jpg 1024w, https:\/\/www.intothesquare.org\/wp-content\/uploads\/2020\/02\/170-300x186.jpg 300w, https:\/\/www.intothesquare.org\/wp-content\/uploads\/2020\/02\/170-768x475.jpg 768w, https:\/\/www.intothesquare.org\/wp-content\/uploads\/2020\/02\/170-825x510.jpg 825w, https:\/\/www.intothesquare.org\/wp-content\/uploads\/2020\/02\/170.jpg 1296w\" sizes=\"auto, (max-width: 1024px) 100vw, 1024px\" \/><\/figure>\n","protected":false},"excerpt":{"rendered":"<p>Piazza Grande sau Piazza dell\u2019Unit\u00e0 d\u2019Italia e cea mai mare pia\u021b\u0103 cu deschidere la mare din \u00eentreaga Europ\u0103, m\u0103sur\u00e2nd aproape 17 000 m2. De\u0219i desp\u0103r\u021bite de o \u0219osea \u0219i o promenad\u0103, pia\u021ba \u0219i apele Adriaticii par s\u0103 se uneasc\u0103 atunci c\u00e2nd trec\u0103torul prive\u0219te spa\u021biul dinspre cel\u0103lalt cap\u0103t al pie\u021bei, acolo unde se afl\u0103\u00a0Fontana dei Quattro &hellip; <a href=\"https:\/\/www.intothesquare.org\/ro\/2020\/european-squares\/piazza-dellunita-ditalia-from-1-trieste-italy\/\" class=\"more-link\">Continue reading <span class=\"screen-reader-text\">Piazza dell\u2019Unit\u00e0 d\u2019Italia din Trieste, Italia<\/span><\/a><\/p>\n","protected":false},"author":3,"featured_media":2090,"comment_status":"closed","ping_status":"closed","sticky":false,"template":"","format":"standard","meta":{"footnotes":""},"categories":[14],"tags":[149,145,148,147,146,150],"class_list":["post-2089","post","type-post","status-publish","format-standard","has-post-thumbnail","hentry","category-european-squares","tag-az","tag-en","tag-ge","tag-gr","tag-ro","tag-tr"],"translation":{"provider":"WPGlobus","version":"3.0.0","language":"ro","enabled_languages":["en","tr","ro","es","it","gr","az","pl","ge","pt"],"languages":{"en":{"title":true,"content":true,"excerpt":false},"tr":{"title":true,"content":true,"excerpt":false},"ro":{"title":true,"content":true,"excerpt":false},"es":{"title":false,"content":false,"excerpt":false},"it":{"title":false,"content":false,"excerpt":false},"gr":{"title":true,"content":true,"excerpt":false},"az":{"title":true,"content":true,"excerpt":false},"pl":{"title":false,"content":false,"excerpt":false},"ge":{"title":true,"content":true,"excerpt":false},"pt":{"title":false,"content":false,"excerpt":false}}},"_links":{"self":[{"href":"https:\/\/www.intothesquare.org\/ro\/wp-json\/wp\/v2\/posts\/2089","targetHints":{"allow":["GET"]}}],"collection":[{"href":"https:\/\/www.intothesquare.org\/ro\/wp-json\/wp\/v2\/posts"}],"about":[{"href":"https:\/\/www.intothesquare.org\/ro\/wp-json\/wp\/v2\/types\/post"}],"author":[{"embeddable":true,"href":"https:\/\/www.intothesquare.org\/ro\/wp-json\/wp\/v2\/users\/3"}],"replies":[{"embeddable":true,"href":"https:\/\/www.intothesquare.org\/ro\/wp-json\/wp\/v2\/comments?post=2089"}],"version-history":[{"count":0,"href":"https:\/\/www.intothesquare.org\/ro\/wp-json\/wp\/v2\/posts\/2089\/revisions"}],"wp:featuredmedia":[{"embeddable":true,"href":"https:\/\/www.intothesquare.org\/ro\/wp-json\/wp\/v2\/media\/2090"}],"wp:attachment":[{"href":"https:\/\/www.intothesquare.org\/ro\/wp-json\/wp\/v2\/media?parent=2089"}],"wp:term":[{"taxonomy":"category","embeddable":true,"href":"https:\/\/www.intothesquare.org\/ro\/wp-json\/wp\/v2\/categories?post=2089"},{"taxonomy":"post_tag","embeddable":true,"href":"https:\/\/www.intothesquare.org\/ro\/wp-json\/wp\/v2\/tags?post=2089"}],"curies":[{"name":"wp","href":"https:\/\/api.w.org\/{rel}","templated":true}]}}