{"id":2160,"date":"2020-02-03T23:27:05","date_gmt":"2020-02-03T21:27:05","guid":{"rendered":"http:\/\/www.intothesquare.org\/?p=2160"},"modified":"2025-11-17T11:22:40","modified_gmt":"2025-11-17T09:22:40","slug":"bascarsija-from-sarajevo-bosnia-and-herzegovina","status":"publish","type":"post","link":"https:\/\/www.intothesquare.org\/ro\/2020\/european-squares\/bascarsija-from-sarajevo-bosnia-and-herzegovina\/","title":{"rendered":"Ba\u0161\u010dar\u0161ija din Sarajevo, Bosnia \u0219i Her\u021begovina"},"content":{"rendered":"\n<p>Ba\u0161\u010dar\u0161ija dateaz\u0103 din\u00a0 secolul al XV-lea, c\u00e2nd \u0130shako\u011flu \u0130sa Bey, guvernatorul turc al Bosniei, \u00eentemeiaz\u0103 Sarajevo. Potrivit tradi\u021biei urbane orientale, ora\u0219ele nu au pia\u021b\u0103, ci bazar. Ba\u0161\u010dar\u0161ija exact asta \u00eenseamn\u0103 \u0219i a fost miezul comercial, administrativ \u0219i cultural al locului. Aici au fost ridicate moschei, magazine, o bibliotec\u0103, un turn cu ceas, hanuri&#8230; C\u00e2nd, \u00een 1878, ora\u0219ul devine parte a Austro-Ungariei,\u00a0 noii conduc\u0103tori doresc transformarea lui \u00eentr-un ora\u0219 european. Un incendiu ajut\u0103 planurile arhitec\u021bilor \u0219i spa\u021biul central al bazarului, dominat de un minaret de secol XVI, devine pia\u021b\u0103. E ast\u0103zi cunoscut\u0103 drept \u201ePia\u021ba porumbeilor\u201c, f\u0103r\u0103 a fi un nume oficial.\u00a0<\/p>\n\n\n\n<figure class=\"wp-block-gallery columns-2 is-cropped wp-block-gallery-1 is-layout-flex wp-block-gallery-is-layout-flex\"><ul class=\"blocks-gallery-grid\"><li class=\"blocks-gallery-item\"><figure><img loading=\"lazy\" decoding=\"async\" width=\"1024\" height=\"683\" src=\"https:\/\/www.intothesquare.org\/wp-content\/uploads\/2020\/02\/098-1024x683.jpg\" alt=\"\" data-id=\"2164\" data-full-url=\"https:\/\/www.intothesquare.org\/wp-content\/uploads\/2020\/02\/098.jpg\" data-link=\"https:\/\/www.intothesquare.org\/2020\/european-squares\/bascarsija-from-sarajevo-bosnia-and-herzegovina\/attachment\/098\/\" class=\"wp-image-2164\" srcset=\"https:\/\/www.intothesquare.org\/wp-content\/uploads\/2020\/02\/098-1024x683.jpg 1024w, https:\/\/www.intothesquare.org\/wp-content\/uploads\/2020\/02\/098-300x200.jpg 300w, https:\/\/www.intothesquare.org\/wp-content\/uploads\/2020\/02\/098-768x512.jpg 768w, https:\/\/www.intothesquare.org\/wp-content\/uploads\/2020\/02\/098.jpg 1296w\" sizes=\"auto, (max-width: 1024px) 100vw, 1024px\" \/><\/figure><\/li><li class=\"blocks-gallery-item\"><figure><img loading=\"lazy\" decoding=\"async\" width=\"1024\" height=\"762\" src=\"https:\/\/www.intothesquare.org\/wp-content\/uploads\/2020\/02\/100-1024x762.jpg\" alt=\"\" data-id=\"2165\" data-full-url=\"https:\/\/www.intothesquare.org\/wp-content\/uploads\/2020\/02\/100.jpg\" data-link=\"https:\/\/www.intothesquare.org\/2020\/european-squares\/bascarsija-from-sarajevo-bosnia-and-herzegovina\/attachment\/100\/\" class=\"wp-image-2165\" srcset=\"https:\/\/www.intothesquare.org\/wp-content\/uploads\/2020\/02\/100-1024x762.jpg 1024w, https:\/\/www.intothesquare.org\/wp-content\/uploads\/2020\/02\/100-300x223.jpg 300w, https:\/\/www.intothesquare.org\/wp-content\/uploads\/2020\/02\/100-768x572.jpg 768w, https:\/\/www.intothesquare.org\/wp-content\/uploads\/2020\/02\/100.jpg 1296w\" sizes=\"auto, (max-width: 1024px) 100vw, 1024px\" \/><\/figure><\/li><\/ul><\/figure>\n","protected":false},"excerpt":{"rendered":"<p>Ba\u0161\u010dar\u0161ija dateaz\u0103 din\u00a0 secolul al XV-lea, c\u00e2nd \u0130shako\u011flu \u0130sa Bey, guvernatorul turc al Bosniei, \u00eentemeiaz\u0103 Sarajevo. Potrivit tradi\u021biei urbane orientale, ora\u0219ele nu au pia\u021b\u0103, ci bazar. Ba\u0161\u010dar\u0161ija exact asta \u00eenseamn\u0103 \u0219i a fost miezul comercial, administrativ \u0219i cultural al locului. Aici au fost ridicate moschei, magazine, o bibliotec\u0103, un turn cu ceas, hanuri&#8230; C\u00e2nd, \u00een &hellip; <a href=\"https:\/\/www.intothesquare.org\/ro\/2020\/european-squares\/bascarsija-from-sarajevo-bosnia-and-herzegovina\/\" class=\"more-link\">Continue reading <span class=\"screen-reader-text\">Ba\u0161\u010dar\u0161ija din Sarajevo, Bosnia \u0219i Her\u021begovina<\/span><\/a><\/p>\n","protected":false},"author":3,"featured_media":2162,"comment_status":"closed","ping_status":"closed","sticky":false,"template":"","format":"standard","meta":{"footnotes":""},"categories":[14],"tags":[149,145,151,148,147,146,150],"class_list":["post-2160","post","type-post","status-publish","format-standard","has-post-thumbnail","hentry","category-european-squares","tag-az","tag-en","tag-es","tag-ge","tag-gr","tag-ro","tag-tr"],"translation":{"provider":"WPGlobus","version":"3.0.0","language":"ro","enabled_languages":["en","tr","ro","es","it","gr","az","pl","ge","pt"],"languages":{"en":{"title":true,"content":true,"excerpt":false},"tr":{"title":true,"content":false,"excerpt":false},"ro":{"title":true,"content":true,"excerpt":false},"es":{"title":true,"content":true,"excerpt":false},"it":{"title":false,"content":false,"excerpt":false},"gr":{"title":true,"content":true,"excerpt":false},"az":{"title":true,"content":true,"excerpt":false},"pl":{"title":false,"content":false,"excerpt":false},"ge":{"title":true,"content":true,"excerpt":false},"pt":{"title":false,"content":false,"excerpt":false}}},"_links":{"self":[{"href":"https:\/\/www.intothesquare.org\/ro\/wp-json\/wp\/v2\/posts\/2160","targetHints":{"allow":["GET"]}}],"collection":[{"href":"https:\/\/www.intothesquare.org\/ro\/wp-json\/wp\/v2\/posts"}],"about":[{"href":"https:\/\/www.intothesquare.org\/ro\/wp-json\/wp\/v2\/types\/post"}],"author":[{"embeddable":true,"href":"https:\/\/www.intothesquare.org\/ro\/wp-json\/wp\/v2\/users\/3"}],"replies":[{"embeddable":true,"href":"https:\/\/www.intothesquare.org\/ro\/wp-json\/wp\/v2\/comments?post=2160"}],"version-history":[{"count":1,"href":"https:\/\/www.intothesquare.org\/ro\/wp-json\/wp\/v2\/posts\/2160\/revisions"}],"predecessor-version":[{"id":5935,"href":"https:\/\/www.intothesquare.org\/ro\/wp-json\/wp\/v2\/posts\/2160\/revisions\/5935"}],"wp:featuredmedia":[{"embeddable":true,"href":"https:\/\/www.intothesquare.org\/ro\/wp-json\/wp\/v2\/media\/2162"}],"wp:attachment":[{"href":"https:\/\/www.intothesquare.org\/ro\/wp-json\/wp\/v2\/media?parent=2160"}],"wp:term":[{"taxonomy":"category","embeddable":true,"href":"https:\/\/www.intothesquare.org\/ro\/wp-json\/wp\/v2\/categories?post=2160"},{"taxonomy":"post_tag","embeddable":true,"href":"https:\/\/www.intothesquare.org\/ro\/wp-json\/wp\/v2\/tags?post=2160"}],"curies":[{"name":"wp","href":"https:\/\/api.w.org\/{rel}","templated":true}]}}