{"id":262,"date":"2018-02-11T19:29:11","date_gmt":"2018-02-11T17:29:11","guid":{"rendered":"http:\/\/www.intothesquare.org\/?p=262"},"modified":"2024-04-26T23:09:35","modified_gmt":"2024-04-26T20:09:35","slug":"hlavne-namestie-from-kosice-slovakia","status":"publish","type":"post","link":"https:\/\/www.intothesquare.org\/ro\/2018\/european-squares\/hlavne-namestie-from-kosice-slovakia\/","title":{"rendered":"Hlavn\u00e9 n\u00e1mestie din Ko\u0161ice, Slovacia"},"content":{"rendered":"<div id='gallery-1' class='gallery galleryid-262 gallery-columns-4 gallery-size-thumbnail'><figure class='gallery-item'>\n\t\t\t<div class='gallery-icon portrait'>\n\t\t\t\t<a href='https:\/\/www.intothesquare.org\/ro\/2018\/european-squares\/hlavne-namestie-from-kosice-slovakia\/attachment\/img_6691\/'><img loading=\"lazy\" decoding=\"async\" width=\"150\" height=\"150\" src=\"https:\/\/www.intothesquare.org\/wp-content\/uploads\/2018\/02\/IMG_6691-150x150.jpg\" class=\"attachment-thumbnail size-thumbnail\" alt=\"\" \/><\/a>\n\t\t\t<\/div><\/figure><figure class='gallery-item'>\n\t\t\t<div class='gallery-icon landscape'>\n\t\t\t\t<a href='https:\/\/www.intothesquare.org\/ro\/2018\/european-squares\/hlavne-namestie-from-kosice-slovakia\/attachment\/img_6708\/'><img loading=\"lazy\" decoding=\"async\" width=\"150\" height=\"150\" src=\"https:\/\/www.intothesquare.org\/wp-content\/uploads\/2018\/02\/IMG_6708-150x150.jpg\" class=\"attachment-thumbnail size-thumbnail\" alt=\"\" \/><\/a>\n\t\t\t<\/div><\/figure><figure class='gallery-item'>\n\t\t\t<div class='gallery-icon portrait'>\n\t\t\t\t<a href='https:\/\/www.intothesquare.org\/ro\/2018\/european-squares\/hlavne-namestie-from-kosice-slovakia\/attachment\/img_6598\/'><img loading=\"lazy\" decoding=\"async\" width=\"150\" height=\"150\" src=\"https:\/\/www.intothesquare.org\/wp-content\/uploads\/2018\/02\/IMG_6598-150x150.jpg\" class=\"attachment-thumbnail size-thumbnail\" alt=\"\" \/><\/a>\n\t\t\t<\/div><\/figure><figure class='gallery-item'>\n\t\t\t<div class='gallery-icon landscape'>\n\t\t\t\t<a href='https:\/\/www.intothesquare.org\/ro\/2018\/european-squares\/hlavne-namestie-from-kosice-slovakia\/attachment\/img_6634\/'><img loading=\"lazy\" decoding=\"async\" width=\"150\" height=\"150\" src=\"https:\/\/www.intothesquare.org\/wp-content\/uploads\/2018\/02\/IMG_6634-150x150.jpg\" class=\"attachment-thumbnail size-thumbnail\" alt=\"\" \/><\/a>\n\t\t\t<\/div><\/figure>\n\t\t<\/div>\n\n<p><em>Hlavn\u00e9 n\u00e1mestie<\/em> \u00eenseamn\u0103 \u00een slovac\u0103 Pia\u021ba Mare, dar istoria de \u00eenceput a ora\u0219ului \u0219i a pie\u021bei sale centrale e legat\u0103 de coloni\u0219tii germani care sosesc aici la mijloc de secol XIII, la invita\u021bia regelui B\u00e9la al IV-lea al Ungariei. Ora\u0219ul Ko\u0161ice, numit Kaschau \u00een german\u0103, Kassa \u00een maghiar\u0103, Ca\u0219ovia \u00een cronici rom\u00e2ne\u0219ti vechi, s-a aflat la intersec\u021bia unor mari rute comerciale, care legau Marea Baltic\u0103 de Marea Neagr\u0103, Polonia de Transilvania, r\u0103s\u0103ritul de apusul Europei. Spa\u021biul urban e riguros structurat. Trei drumuri paralele urmeaz\u0103 direc\u021bia nord-sud, iar cel din mijloc se l\u0103rge\u0219te progresiv c\u0103tre locul unde \u00eent\u00e2lne\u0219te principala arter\u0103 est-vest, pentru a da na\u0219tere unei pie\u021be cu o form\u0103 foarte special\u0103, de lentil\u0103. Forma lenticular\u0103 e urmare a construirii pie\u021bei pe spa\u021biul \u00een care func\u021biona de timpuriu \u00een istorie un t\u00e2rg comercial, a\u0219ezat \u00eentr-o l\u0103rgire a drumului, la jum\u0103tatea distan\u021bei dintre castel \u0219i aba\u021bie, mai \u00eenainte s\u0103 se fi construit aici orice alt\u0103 cl\u0103dire. Dar \u0219i a unirii, printr-un proces tipic de synoecism, a dou\u0103 a\u0219ez\u0103ri distincte \u00eenainte de veacul al XIII-lea, a c\u0103ror grani\u021b\u0103 era chiar pia\u021ba de acum. \u00cen mijloc, chiar \u00een punctul de intersec\u021bie al celor dou\u0103 axe, coloni\u0219tii germani au ridicat o biseric\u0103 parohial\u0103. Locul ei e luat \u00een secolul al XIV-lea de catedrala gotic\u0103 a Sfintei Elisabeta, p\u00e2n\u0103 ast\u0103zi cea mai mare catedral\u0103 de pe teritoriul Slovaciei. Turnul Sf\u00e2ntului Urban, ad\u0103postind un clopot de \u0219apte tone, \u0219i capela Sf\u00e2ntului Mihail, ambele gotice, ambele de secol XIV, flancheaz\u0103 catedrala, alc\u0103tuind un ansamblu unic \u0219i unitar. Teatrul, o bijuterie neobaroc\u0103, a fost finalizat \u00een 1899. Case gotice, palate renascentiste \u0219i baroce, cl\u0103diri Art Nouveau definesc perimetrul pie\u021bei. Conturul fostelor ziduri de \u00eemprejmuire e clar vizibil \u00een traseul circular al unor str\u0103zi adiacente. Pia\u021ba \u00een form\u0103 de lentil\u0103 din Ko\u0161ice e cel mai mare \u0219i mai coerent ansamblu urban lenticular, tipic Slovaciei de est.<\/p>\n<p><\/p>\n\n\n<figure class=\"wp-block-image\"><img loading=\"lazy\" decoding=\"async\" width=\"1024\" height=\"768\" src=\"https:\/\/www.intothesquare.org\/wp-content\/uploads\/2019\/06\/DJI_0042-1-1024x768.jpg\" alt=\"\" class=\"wp-image-1656\" srcset=\"https:\/\/www.intothesquare.org\/wp-content\/uploads\/2019\/06\/DJI_0042-1-1024x768.jpg 1024w, https:\/\/www.intothesquare.org\/wp-content\/uploads\/2019\/06\/DJI_0042-1-300x225.jpg 300w, https:\/\/www.intothesquare.org\/wp-content\/uploads\/2019\/06\/DJI_0042-1-768x576.jpg 768w, https:\/\/www.intothesquare.org\/wp-content\/uploads\/2019\/06\/DJI_0042-1.jpg 1417w\" sizes=\"auto, (max-width: 1024px) 100vw, 1024px\" \/><\/figure>\n","protected":false},"excerpt":{"rendered":"<p>Hlavn\u00e9 n\u00e1mestie \u00eenseamn\u0103 \u00een slovac\u0103 Pia\u021ba Mare, dar istoria de \u00eenceput a ora\u0219ului \u0219i a pie\u021bei sale centrale e legat\u0103 de coloni\u0219tii germani care sosesc aici la mijloc de secol XIII, la invita\u021bia regelui B\u00e9la al IV-lea al Ungariei. Ora\u0219ul Ko\u0161ice, numit Kaschau \u00een german\u0103, Kassa \u00een maghiar\u0103, Ca\u0219ovia \u00een cronici rom\u00e2ne\u0219ti vechi, s-a aflat &hellip; <a href=\"https:\/\/www.intothesquare.org\/ro\/2018\/european-squares\/hlavne-namestie-from-kosice-slovakia\/\" class=\"more-link\">Continue reading <span class=\"screen-reader-text\">Hlavn\u00e9 n\u00e1mestie din Ko\u0161ice, Slovacia<\/span><\/a><\/p>\n","protected":false},"author":2,"featured_media":263,"comment_status":"closed","ping_status":"closed","sticky":false,"template":"","format":"image","meta":{"footnotes":""},"categories":[14],"tags":[36,42,149,55,145,151,38,54,146,35,53],"class_list":["post-262","post","type-post","status-publish","format-image","has-post-thumbnail","hentry","category-european-squares","tag-13th-century","tag-arhitectura-baroca","tag-az","tag-casovia","tag-en","tag-es","tag-holy-roman-empire","tag-international-gotic","tag-ro","tag-sec-xiii","tag-slovakia","post_format-post-format-image"],"translation":{"provider":"WPGlobus","version":"3.0.0","language":"ro","enabled_languages":["en","tr","ro","es","it","gr","az","pl","ge","pt"],"languages":{"en":{"title":true,"content":true,"excerpt":false},"tr":{"title":false,"content":false,"excerpt":false},"ro":{"title":true,"content":true,"excerpt":false},"es":{"title":true,"content":true,"excerpt":false},"it":{"title":false,"content":false,"excerpt":false},"gr":{"title":false,"content":false,"excerpt":false},"az":{"title":true,"content":true,"excerpt":false},"pl":{"title":false,"content":false,"excerpt":false},"ge":{"title":false,"content":false,"excerpt":false},"pt":{"title":false,"content":false,"excerpt":false}}},"_links":{"self":[{"href":"https:\/\/www.intothesquare.org\/ro\/wp-json\/wp\/v2\/posts\/262","targetHints":{"allow":["GET"]}}],"collection":[{"href":"https:\/\/www.intothesquare.org\/ro\/wp-json\/wp\/v2\/posts"}],"about":[{"href":"https:\/\/www.intothesquare.org\/ro\/wp-json\/wp\/v2\/types\/post"}],"author":[{"embeddable":true,"href":"https:\/\/www.intothesquare.org\/ro\/wp-json\/wp\/v2\/users\/2"}],"replies":[{"embeddable":true,"href":"https:\/\/www.intothesquare.org\/ro\/wp-json\/wp\/v2\/comments?post=262"}],"version-history":[{"count":0,"href":"https:\/\/www.intothesquare.org\/ro\/wp-json\/wp\/v2\/posts\/262\/revisions"}],"wp:featuredmedia":[{"embeddable":true,"href":"https:\/\/www.intothesquare.org\/ro\/wp-json\/wp\/v2\/media\/263"}],"wp:attachment":[{"href":"https:\/\/www.intothesquare.org\/ro\/wp-json\/wp\/v2\/media?parent=262"}],"wp:term":[{"taxonomy":"category","embeddable":true,"href":"https:\/\/www.intothesquare.org\/ro\/wp-json\/wp\/v2\/categories?post=262"},{"taxonomy":"post_tag","embeddable":true,"href":"https:\/\/www.intothesquare.org\/ro\/wp-json\/wp\/v2\/tags?post=262"}],"curies":[{"name":"wp","href":"https:\/\/api.w.org\/{rel}","templated":true}]}}