{"id":2746,"date":"2020-05-08T18:08:42","date_gmt":"2020-05-08T15:08:42","guid":{"rendered":"http:\/\/www.intothesquare.org\/?p=2746"},"modified":"2024-04-26T22:24:23","modified_gmt":"2024-04-26T19:24:23","slug":"ploshcead-sveti-aleksandar-nevski-from-sofia-bulgaria","status":"publish","type":"post","link":"https:\/\/www.intothesquare.org\/ro\/2020\/european-squares\/ploshcead-sveti-aleksandar-nevski-from-sofia-bulgaria\/","title":{"rendered":"Plo\u0219cead Sveti Aleksandar Nevski din Sofia, Bulgaria"},"content":{"rendered":"\n<p>Imediat dup\u0103 1878, c\u00e2nd Bulgaria ob\u021bine independen\u021ba, la Sofia \u00eencep planurile pentru o catedral\u0103 impun\u0103toare. Piatra de temelie e pus\u0103 \u00een 1882, dar catedrala e \u00eencheiat\u0103 la \u00eenceputul secolul al XX-lea \u0219i \u00eei e \u00eenchinat\u0103 Sf\u00e2ntului Aleksandr Nevski, \u00een memoria solda\u021bilor ru\u0219i. \u00cen jurul catedralei se contureaz\u0103 una dintre primele pie\u021be moderne din Balcani. Un spa\u021biu cu o \u00eenc\u0103rc\u0103tur\u0103 simbolic\u0103 foarte mare, pentru c\u0103 tot aici, mult mai modest\u0103 \u00een dimensiuni, se afl\u0103 biserica Sf\u00e2nta Sofia (sec. IV-VI), \u00eenc\u00e2nt\u0103toare prin vechime \u0219i propor\u021bii, care a dat numele ora\u0219ului.<\/p>\n\n\n\n<figure class=\"wp-block-image size-large\"><img loading=\"lazy\" decoding=\"async\" width=\"1024\" height=\"634\" src=\"https:\/\/www.intothesquare.org\/wp-content\/uploads\/2020\/05\/DJI_0006-1024x634.jpg\" alt=\"\" class=\"wp-image-2747\" srcset=\"https:\/\/www.intothesquare.org\/wp-content\/uploads\/2020\/05\/DJI_0006-1024x634.jpg 1024w, https:\/\/www.intothesquare.org\/wp-content\/uploads\/2020\/05\/DJI_0006-300x186.jpg 300w, https:\/\/www.intothesquare.org\/wp-content\/uploads\/2020\/05\/DJI_0006-768x475.jpg 768w, https:\/\/www.intothesquare.org\/wp-content\/uploads\/2020\/05\/DJI_0006-825x510.jpg 825w, https:\/\/www.intothesquare.org\/wp-content\/uploads\/2020\/05\/DJI_0006.jpg 1296w\" sizes=\"auto, (max-width: 1024px) 100vw, 1024px\" \/><\/figure>\n","protected":false},"excerpt":{"rendered":"<p>Imediat dup\u0103 1878, c\u00e2nd Bulgaria ob\u021bine independen\u021ba, la Sofia \u00eencep planurile pentru o catedral\u0103 impun\u0103toare. Piatra de temelie e pus\u0103 \u00een 1882, dar catedrala e \u00eencheiat\u0103 la \u00eenceputul secolul al XX-lea \u0219i \u00eei e \u00eenchinat\u0103 Sf\u00e2ntului Aleksandr Nevski, \u00een memoria solda\u021bilor ru\u0219i. \u00cen jurul catedralei se contureaz\u0103 una dintre primele pie\u021be moderne din Balcani. Un &hellip; <a href=\"https:\/\/www.intothesquare.org\/ro\/2020\/european-squares\/ploshcead-sveti-aleksandar-nevski-from-sofia-bulgaria\/\" class=\"more-link\">Continue reading <span class=\"screen-reader-text\">Plo\u0219cead Sveti Aleksandar Nevski din Sofia, Bulgaria<\/span><\/a><\/p>\n","protected":false},"author":3,"featured_media":2747,"comment_status":"closed","ping_status":"closed","sticky":false,"template":"","format":"standard","meta":{"footnotes":""},"categories":[14],"tags":[149,145,148,147,146,150],"class_list":["post-2746","post","type-post","status-publish","format-standard","has-post-thumbnail","hentry","category-european-squares","tag-az","tag-en","tag-ge","tag-gr","tag-ro","tag-tr"],"translation":{"provider":"WPGlobus","version":"3.0.0","language":"ro","enabled_languages":["en","tr","ro","es","it","gr","az","pl","ge","pt"],"languages":{"en":{"title":true,"content":true,"excerpt":false},"tr":{"title":true,"content":true,"excerpt":false},"ro":{"title":true,"content":true,"excerpt":false},"es":{"title":false,"content":false,"excerpt":false},"it":{"title":false,"content":false,"excerpt":false},"gr":{"title":true,"content":true,"excerpt":false},"az":{"title":true,"content":true,"excerpt":false},"pl":{"title":false,"content":false,"excerpt":false},"ge":{"title":true,"content":true,"excerpt":false},"pt":{"title":false,"content":false,"excerpt":false}}},"_links":{"self":[{"href":"https:\/\/www.intothesquare.org\/ro\/wp-json\/wp\/v2\/posts\/2746","targetHints":{"allow":["GET"]}}],"collection":[{"href":"https:\/\/www.intothesquare.org\/ro\/wp-json\/wp\/v2\/posts"}],"about":[{"href":"https:\/\/www.intothesquare.org\/ro\/wp-json\/wp\/v2\/types\/post"}],"author":[{"embeddable":true,"href":"https:\/\/www.intothesquare.org\/ro\/wp-json\/wp\/v2\/users\/3"}],"replies":[{"embeddable":true,"href":"https:\/\/www.intothesquare.org\/ro\/wp-json\/wp\/v2\/comments?post=2746"}],"version-history":[{"count":0,"href":"https:\/\/www.intothesquare.org\/ro\/wp-json\/wp\/v2\/posts\/2746\/revisions"}],"wp:featuredmedia":[{"embeddable":true,"href":"https:\/\/www.intothesquare.org\/ro\/wp-json\/wp\/v2\/media\/2747"}],"wp:attachment":[{"href":"https:\/\/www.intothesquare.org\/ro\/wp-json\/wp\/v2\/media?parent=2746"}],"wp:term":[{"taxonomy":"category","embeddable":true,"href":"https:\/\/www.intothesquare.org\/ro\/wp-json\/wp\/v2\/categories?post=2746"},{"taxonomy":"post_tag","embeddable":true,"href":"https:\/\/www.intothesquare.org\/ro\/wp-json\/wp\/v2\/tags?post=2746"}],"curies":[{"name":"wp","href":"https:\/\/api.w.org\/{rel}","templated":true}]}}