{"id":2921,"date":"2020-05-09T10:44:32","date_gmt":"2020-05-09T07:44:32","guid":{"rendered":"http:\/\/www.intothesquare.org\/?p=2921"},"modified":"2024-04-26T19:02:09","modified_gmt":"2024-04-26T16:02:09","slug":"plaza-del-coso-from-penafiel-spain","status":"publish","type":"post","link":"https:\/\/www.intothesquare.org\/ro\/2020\/european-squares\/plaza-del-coso-from-penafiel-spain\/","title":{"rendered":"Plaza del Coso din Pe\u00f1afiel, Spania"},"content":{"rendered":"\n<p class=\"wp-block-paragraph\">Pe\u00f1afiel nu e \u00een nici un caz faimos pentru pia\u021ba sa, ci pentru vinurile sale \u0219i pentru masivul castel medieval care domin\u0103 a\u0219ezarea. Plaza del Coso e \u00eens\u0103 foarte interesant\u0103 din punct de vedere istoric \u0219i urbanistic. E un spa\u021biu foarte mare, de 3500 m<sup>2<\/sup>, nepavat, m\u0103rginit&nbsp; de 48 de case, toate cu balcoane suspendate, construite din lemn. Cele de acum dateaz\u0103 din secolele XVIII\u2013XIX, dar, \u00een principiu, a\u0219a a ar\u0103tat pia\u021ba \u00eenc\u0103 din Evul Mediu. \u00cen pia\u021b\u0103 au loc, \u00een miezul verii, de San Roque, lupte cu tauri. Tot aici se desf\u0103\u0219oar\u0103, \u00een Duminica \u00cenvierii, ceremonia numit\u0103 Cobor\u00e2rea \u00cengerului.&nbsp;<\/p>\n\n\n\n<p class=\"wp-block-paragraph\">Cl\u0103dirile sunt propriet\u0103\u021bi private, dar balcoanele s-au aflat dintotdeauna \u00een proprietatea comunit\u0103\u021bii \u0219i au fost folosite la asemenea ocazii pentru a urm\u0103ri spectacolele \u0219i ritualurile care au loc \u00een&nbsp; pia\u021b\u0103. De la bun \u00eenceput,&nbsp; Plaza del Coso a fost g\u00e2ndit\u0103 ca aren\u0103 pentru divertisment, ceea ce e foarte interesant pentru Evul Mediu. Nici prim\u0103ria, nici catedrala nu se afl\u0103 aici. Cu toate acestea, este socotit\u0103, cronologic vorbind,&nbsp; una dintre primele&nbsp;<em>plaza mayor&nbsp;<\/em>din Spania.&nbsp;<\/p>\n\n\n\n<p class=\"wp-block-paragraph\"><\/p>\n\n\n\n<figure class=\"wp-block-gallery columns-2 is-cropped wp-block-gallery-1 is-layout-flex wp-block-gallery-is-layout-flex\"><ul class=\"blocks-gallery-grid\"><li class=\"blocks-gallery-item\"><figure><img loading=\"lazy\" decoding=\"async\" width=\"1296\" height=\"802\" src=\"https:\/\/i0.wp.com\/www.intothesquare.org\/wp-content\/uploads\/2020\/05\/DJI_0015.jpg?fit=660%2C409\" alt=\"\" data-id=\"2924\" data-full-url=\"https:\/\/i0.wp.com\/www.intothesquare.org\/wp-content\/uploads\/2020\/05\/DJI_0015.jpg?fit=1296%2C802\" data-link=\"https:\/\/www.intothesquare.org\/?attachment_id=2924\" class=\"wp-image-2924\" srcset=\"https:\/\/www.intothesquare.org\/wp-content\/uploads\/2020\/05\/DJI_0015.jpg 1296w, https:\/\/www.intothesquare.org\/wp-content\/uploads\/2020\/05\/DJI_0015-300x186.jpg 300w, https:\/\/www.intothesquare.org\/wp-content\/uploads\/2020\/05\/DJI_0015-1024x634.jpg 1024w, https:\/\/www.intothesquare.org\/wp-content\/uploads\/2020\/05\/DJI_0015-768x475.jpg 768w, https:\/\/www.intothesquare.org\/wp-content\/uploads\/2020\/05\/DJI_0015-825x510.jpg 825w\" sizes=\"auto, (max-width: 1296px) 100vw, 1296px\" \/><\/figure><\/li><li class=\"blocks-gallery-item\"><figure><img loading=\"lazy\" decoding=\"async\" width=\"1296\" height=\"802\" src=\"https:\/\/i2.wp.com\/www.intothesquare.org\/wp-content\/uploads\/2020\/05\/penafil.jpg?fit=660%2C409\" alt=\"\" data-id=\"2925\" data-full-url=\"https:\/\/i2.wp.com\/www.intothesquare.org\/wp-content\/uploads\/2020\/05\/penafil.jpg?fit=1296%2C802\" data-link=\"https:\/\/www.intothesquare.org\/?attachment_id=2925\" class=\"wp-image-2925\" srcset=\"https:\/\/www.intothesquare.org\/wp-content\/uploads\/2020\/05\/penafil.jpg 1296w, https:\/\/www.intothesquare.org\/wp-content\/uploads\/2020\/05\/penafil-300x186.jpg 300w, https:\/\/www.intothesquare.org\/wp-content\/uploads\/2020\/05\/penafil-1024x634.jpg 1024w, https:\/\/www.intothesquare.org\/wp-content\/uploads\/2020\/05\/penafil-768x475.jpg 768w, https:\/\/www.intothesquare.org\/wp-content\/uploads\/2020\/05\/penafil-825x510.jpg 825w\" sizes=\"auto, (max-width: 1296px) 100vw, 1296px\" \/><\/figure><\/li><\/ul><\/figure>\n\n\n\n<figure class=\"wp-block-gallery columns-1 is-cropped wp-block-gallery-2 is-layout-flex wp-block-gallery-is-layout-flex\"><ul class=\"blocks-gallery-grid\"><li class=\"blocks-gallery-item\"><figure><img loading=\"lazy\" decoding=\"async\" width=\"1024\" height=\"634\" src=\"https:\/\/www.intothesquare.org\/wp-content\/uploads\/2020\/05\/DJI_0013-1024x634.jpg\" alt=\"\" data-id=\"2923\" data-full-url=\"https:\/\/www.intothesquare.org\/wp-content\/uploads\/2020\/05\/DJI_0013.jpg\" data-link=\"https:\/\/www.intothesquare.org\/?attachment_id=2923\" class=\"wp-image-2923\" srcset=\"https:\/\/www.intothesquare.org\/wp-content\/uploads\/2020\/05\/DJI_0013-1024x634.jpg 1024w, https:\/\/www.intothesquare.org\/wp-content\/uploads\/2020\/05\/DJI_0013-300x186.jpg 300w, https:\/\/www.intothesquare.org\/wp-content\/uploads\/2020\/05\/DJI_0013-768x475.jpg 768w, https:\/\/www.intothesquare.org\/wp-content\/uploads\/2020\/05\/DJI_0013-825x510.jpg 825w, https:\/\/www.intothesquare.org\/wp-content\/uploads\/2020\/05\/DJI_0013.jpg 1296w\" sizes=\"auto, (max-width: 1024px) 100vw, 1024px\" \/><\/figure><\/li><\/ul><\/figure>\n","protected":false},"excerpt":{"rendered":"<p>Pe\u00f1afiel nu e \u00een nici un caz faimos pentru pia\u021ba sa, ci pentru vinurile sale \u0219i pentru masivul castel medieval care domin\u0103 a\u0219ezarea. Plaza del Coso e \u00eens\u0103 foarte interesant\u0103 din punct de vedere istoric \u0219i urbanistic. E un spa\u021biu foarte mare, de 3500 m2, nepavat, m\u0103rginit&nbsp; de 48 de case, toate cu balcoane suspendate, &hellip; <a href=\"https:\/\/www.intothesquare.org\/ro\/2020\/european-squares\/plaza-del-coso-from-penafiel-spain\/\" class=\"more-link\">Continue reading <span class=\"screen-reader-text\">Plaza del Coso din Pe\u00f1afiel, Spania<\/span><\/a><\/p>\n","protected":false},"author":3,"featured_media":2923,"comment_status":"closed","ping_status":"closed","sticky":false,"template":"","format":"standard","meta":{"footnotes":""},"categories":[14],"tags":[149,145,146,150],"class_list":["post-2921","post","type-post","status-publish","format-standard","has-post-thumbnail","hentry","category-european-squares","tag-az","tag-en","tag-ro","tag-tr"],"translation":{"provider":"WPGlobus","version":"3.0.2","language":"ro","enabled_languages":["en","tr","ro","es","it","gr","az","pl","ge","pt"],"languages":{"en":{"title":true,"content":true,"excerpt":false},"tr":{"title":true,"content":true,"excerpt":false},"ro":{"title":true,"content":true,"excerpt":false},"es":{"title":false,"content":false,"excerpt":false},"it":{"title":false,"content":false,"excerpt":false},"gr":{"title":false,"content":false,"excerpt":false},"az":{"title":true,"content":true,"excerpt":false},"pl":{"title":false,"content":false,"excerpt":false},"ge":{"title":false,"content":false,"excerpt":false},"pt":{"title":false,"content":false,"excerpt":false}}},"_links":{"self":[{"href":"https:\/\/www.intothesquare.org\/ro\/wp-json\/wp\/v2\/posts\/2921","targetHints":{"allow":["GET"]}}],"collection":[{"href":"https:\/\/www.intothesquare.org\/ro\/wp-json\/wp\/v2\/posts"}],"about":[{"href":"https:\/\/www.intothesquare.org\/ro\/wp-json\/wp\/v2\/types\/post"}],"author":[{"embeddable":true,"href":"https:\/\/www.intothesquare.org\/ro\/wp-json\/wp\/v2\/users\/3"}],"replies":[{"embeddable":true,"href":"https:\/\/www.intothesquare.org\/ro\/wp-json\/wp\/v2\/comments?post=2921"}],"version-history":[{"count":0,"href":"https:\/\/www.intothesquare.org\/ro\/wp-json\/wp\/v2\/posts\/2921\/revisions"}],"wp:featuredmedia":[{"embeddable":true,"href":"https:\/\/www.intothesquare.org\/ro\/wp-json\/wp\/v2\/media\/2923"}],"wp:attachment":[{"href":"https:\/\/www.intothesquare.org\/ro\/wp-json\/wp\/v2\/media?parent=2921"}],"wp:term":[{"taxonomy":"category","embeddable":true,"href":"https:\/\/www.intothesquare.org\/ro\/wp-json\/wp\/v2\/categories?post=2921"},{"taxonomy":"post_tag","embeddable":true,"href":"https:\/\/www.intothesquare.org\/ro\/wp-json\/wp\/v2\/tags?post=2921"}],"curies":[{"name":"wp","href":"https:\/\/api.w.org\/{rel}","templated":true}]}}