{"id":1201,"date":"2019-06-19T02:19:54","date_gmt":"2019-06-18T23:19:54","guid":{"rendered":"http:\/\/www.intothesquare.org\/?p=1201"},"modified":"2024-04-26T22:51:04","modified_gmt":"2024-04-26T19:51:04","slug":"cesky-budejovice-czech-republic-namesti-premysla-otakara-ii","status":"publish","type":"post","link":"https:\/\/www.intothesquare.org\/tr\/2019\/european-squares\/cesky-budejovice-czech-republic-namesti-premysla-otakara-ii\/","title":{"rendered":"\u010cesk\u00fd Bud\u011bjovice, \u00c7ek Cumhuriyeti, N\u00e1m\u011bst\u00ed P\u0159emysla Otakara II"},"content":{"rendered":"\n<figure class=\"wp-block-gallery columns-2 is-cropped wp-block-gallery-1 is-layout-flex wp-block-gallery-is-layout-flex\"><ul class=\"blocks-gallery-grid\"><li class=\"blocks-gallery-item\"><figure><img loading=\"lazy\" decoding=\"async\" width=\"1024\" height=\"528\" src=\"https:\/\/www.intothesquare.org\/wp-content\/uploads\/2019\/06\/IMG_1192-1024x528.jpg\" alt=\"\" data-id=\"1652\" data-link=\"https:\/\/www.intothesquare.org\/2019\/european-squares\/cesky-budejovice-czech-republic-namesti-premysla-otakara-ii\/attachment\/img_1192\/\" class=\"wp-image-1652\" srcset=\"https:\/\/www.intothesquare.org\/wp-content\/uploads\/2019\/06\/IMG_1192-1024x528.jpg 1024w, https:\/\/www.intothesquare.org\/wp-content\/uploads\/2019\/06\/IMG_1192-300x155.jpg 300w, https:\/\/www.intothesquare.org\/wp-content\/uploads\/2019\/06\/IMG_1192-768x396.jpg 768w, https:\/\/www.intothesquare.org\/wp-content\/uploads\/2019\/06\/IMG_1192-1536x792.jpg 1536w, https:\/\/www.intothesquare.org\/wp-content\/uploads\/2019\/06\/IMG_1192-2048x1056.jpg 2048w\" sizes=\"auto, (max-width: 1024px) 100vw, 1024px\" \/><\/figure><\/li><li class=\"blocks-gallery-item\"><figure><img loading=\"lazy\" decoding=\"async\" width=\"1024\" height=\"528\" src=\"https:\/\/www.intothesquare.org\/wp-content\/uploads\/2019\/06\/IMG_1233-1024x528.jpg\" alt=\"\" data-id=\"1650\" data-link=\"https:\/\/www.intothesquare.org\/2019\/european-squares\/cesky-budejovice-czech-republic-namesti-premysla-otakara-ii\/attachment\/img_1233\/\" class=\"wp-image-1650\" srcset=\"https:\/\/www.intothesquare.org\/wp-content\/uploads\/2019\/06\/IMG_1233-1024x528.jpg 1024w, https:\/\/www.intothesquare.org\/wp-content\/uploads\/2019\/06\/IMG_1233-300x155.jpg 300w, https:\/\/www.intothesquare.org\/wp-content\/uploads\/2019\/06\/IMG_1233-768x396.jpg 768w, https:\/\/www.intothesquare.org\/wp-content\/uploads\/2019\/06\/IMG_1233.jpg 1417w\" sizes=\"auto, (max-width: 1024px) 100vw, 1024px\" \/><\/figure><\/li><\/ul><\/figure>\n\n\n\n<p>Meydan, Avrupa&#8217;n\u0131n en b\u00fcy\u00fck meydanlar\u0131 aras\u0131ndad\u0131r ve 1256 y\u0131l\u0131nda, Almanca\u2019da Budweis denilen \u015fehri kuran Bohemya Kral\u0131 II. Ottokar\u2019\u0131n ismini ta\u015f\u0131maktad\u0131r. 16. y\u00fczy\u0131lda in\u015fa edilen Kara Kule ve Aziz Nikolas Katedrali, g\u00fcneydo\u011fu k\u00f6\u015fesinde bulunmaktad\u0131r. Belediyenin barok binas\u0131, meydan\u0131n ters k\u00f6\u015fesindedir. Merkezi noktas\u0131nda, \u00e7ok \u00f6zenli bir barok dekorasyonla Samson&#8217;un \u00c7e\u015fmesi bulunmaktad\u0131r. Armas\u0131 olan 48 ev, bir bira fabrikas\u0131 ve bir tuz borsas\u0131 meydan\u0131 tamamlamaktad\u0131r.<\/p>\n\n\n\n<figure class=\"wp-block-image\"><img loading=\"lazy\" decoding=\"async\" width=\"1024\" height=\"631\" src=\"https:\/\/www.intothesquare.org\/wp-content\/uploads\/2019\/06\/Ceske-Budejovice2-e1560969906669-1024x631.jpg\" alt=\"\" class=\"wp-image-1202\" srcset=\"https:\/\/www.intothesquare.org\/wp-content\/uploads\/2019\/06\/Ceske-Budejovice2-e1560969906669-1024x631.jpg 1024w, https:\/\/www.intothesquare.org\/wp-content\/uploads\/2019\/06\/Ceske-Budejovice2-e1560969906669-300x185.jpg 300w, https:\/\/www.intothesquare.org\/wp-content\/uploads\/2019\/06\/Ceske-Budejovice2-e1560969906669-768x474.jpg 768w, https:\/\/www.intothesquare.org\/wp-content\/uploads\/2019\/06\/Ceske-Budejovice2-e1560969906669.jpg 1234w\" sizes=\"auto, (max-width: 1024px) 100vw, 1024px\" \/><\/figure>\n","protected":false},"excerpt":{"rendered":"<p>Meydan, Avrupa&#8217;n\u0131n en b\u00fcy\u00fck meydanlar\u0131 aras\u0131ndad\u0131r ve 1256 y\u0131l\u0131nda, Almanca\u2019da Budweis denilen \u015fehri kuran Bohemya Kral\u0131 II. Ottokar\u2019\u0131n ismini ta\u015f\u0131maktad\u0131r. 16. y\u00fczy\u0131lda in\u015fa edilen Kara Kule ve Aziz Nikolas Katedrali, g\u00fcneydo\u011fu k\u00f6\u015fesinde bulunmaktad\u0131r. Belediyenin barok binas\u0131, meydan\u0131n ters k\u00f6\u015fesindedir. Merkezi noktas\u0131nda, \u00e7ok \u00f6zenli bir barok dekorasyonla Samson&#8217;un \u00c7e\u015fmesi bulunmaktad\u0131r. Armas\u0131 olan 48 ev, bir bira &hellip; <a href=\"https:\/\/www.intothesquare.org\/tr\/2019\/european-squares\/cesky-budejovice-czech-republic-namesti-premysla-otakara-ii\/\" class=\"more-link\">Continue reading <span class=\"screen-reader-text\">\u010cesk\u00fd Bud\u011bjovice, \u00c7ek Cumhuriyeti, N\u00e1m\u011bst\u00ed P\u0159emysla Otakara II<\/span><\/a><\/p>\n","protected":false},"author":3,"featured_media":1202,"comment_status":"closed","ping_status":"closed","sticky":false,"template":"","format":"standard","meta":{"footnotes":""},"categories":[14],"tags":[141,139,138,149,136,145,142,148,147,140,146,135,150,21],"class_list":["post-1201","post","type-post","status-publish","format-standard","has-post-thumbnail","hentry","category-european-squares","tag-aerial-view","tag-agora","tag-architecture","tag-az","tag-drone","tag-en","tag-exhibition","tag-ge","tag-gr","tag-public-space","tag-ro","tag-square","tag-tr","tag-urbanism"],"translation":{"provider":"WPGlobus","version":"3.0.0","language":"tr","enabled_languages":["en","tr","ro","es","it","gr","az","pl","ge","pt"],"languages":{"en":{"title":true,"content":true,"excerpt":false},"tr":{"title":true,"content":true,"excerpt":false},"ro":{"title":true,"content":true,"excerpt":false},"es":{"title":false,"content":false,"excerpt":false},"it":{"title":false,"content":false,"excerpt":false},"gr":{"title":true,"content":true,"excerpt":false},"az":{"title":true,"content":true,"excerpt":false},"pl":{"title":false,"content":false,"excerpt":false},"ge":{"title":true,"content":true,"excerpt":false},"pt":{"title":false,"content":false,"excerpt":false}}},"_links":{"self":[{"href":"https:\/\/www.intothesquare.org\/tr\/wp-json\/wp\/v2\/posts\/1201","targetHints":{"allow":["GET"]}}],"collection":[{"href":"https:\/\/www.intothesquare.org\/tr\/wp-json\/wp\/v2\/posts"}],"about":[{"href":"https:\/\/www.intothesquare.org\/tr\/wp-json\/wp\/v2\/types\/post"}],"author":[{"embeddable":true,"href":"https:\/\/www.intothesquare.org\/tr\/wp-json\/wp\/v2\/users\/3"}],"replies":[{"embeddable":true,"href":"https:\/\/www.intothesquare.org\/tr\/wp-json\/wp\/v2\/comments?post=1201"}],"version-history":[{"count":0,"href":"https:\/\/www.intothesquare.org\/tr\/wp-json\/wp\/v2\/posts\/1201\/revisions"}],"wp:featuredmedia":[{"embeddable":true,"href":"https:\/\/www.intothesquare.org\/tr\/wp-json\/wp\/v2\/media\/1202"}],"wp:attachment":[{"href":"https:\/\/www.intothesquare.org\/tr\/wp-json\/wp\/v2\/media?parent=1201"}],"wp:term":[{"taxonomy":"category","embeddable":true,"href":"https:\/\/www.intothesquare.org\/tr\/wp-json\/wp\/v2\/categories?post=1201"},{"taxonomy":"post_tag","embeddable":true,"href":"https:\/\/www.intothesquare.org\/tr\/wp-json\/wp\/v2\/tags?post=1201"}],"curies":[{"name":"wp","href":"https:\/\/api.w.org\/{rel}","templated":true}]}}