{"id":1303,"date":"2019-06-22T08:47:23","date_gmt":"2019-06-22T05:47:23","guid":{"rendered":"http:\/\/www.intothesquare.org\/?p=1303"},"modified":"2024-04-26T22:46:02","modified_gmt":"2024-04-26T19:46:02","slug":"marktplatz-fromelburg-holland","status":"publish","type":"post","link":"https:\/\/www.intothesquare.org\/tr\/2019\/european-squares\/marktplatz-fromelburg-holland\/","title":{"rendered":"Elburg, Hollanda, Marktplatz"},"content":{"rendered":"\n<p>Elburg Meydan\u0131, iki ana caddenin kesi\u015fiminin sonucu olup, \u00e7ok daha k\u00fc\u00e7\u00fck bir \u00f6l\u00e7ekte \u015fehirin haritas\u0131n\u0131 temsil eden kare boyutunu tekrarlatmaktad\u0131r. Elburg, t\u00fcm \u00f6nlemlerin alt\u0131n say\u0131s\u0131yla ilgili olacak \u015fekilde tasarlanan, m\u00fckemmel bir geometrik yap\u0131ya sahiptir. Herhangi bir de\u011fi\u015fiklik olmadan korunan \u015fehrin \u015fekli, 1392 ile 1396 aras\u0131nda yap\u0131lm\u0131\u015ft\u0131r ve Orta \u00c7a\u011f i\u00e7in bir istisnad\u0131r. T\u00fcm yollar, d\u00f6rtgenin geometrik merkezinde tam olarak yer alan meydan ve kenarlarla ba\u011flant\u0131l\u0131d\u0131r.<\/p>\n\n\n\n<figure class=\"wp-block-gallery columns-3 is-cropped wp-block-gallery-1 is-layout-flex wp-block-gallery-is-layout-flex\"><ul class=\"blocks-gallery-grid\"><li class=\"blocks-gallery-item\"><figure><img loading=\"lazy\" decoding=\"async\" width=\"1024\" height=\"683\" src=\"https:\/\/www.intothesquare.org\/wp-content\/uploads\/2019\/06\/IMG_6749-1024x683.jpg\" alt=\"\" data-id=\"1314\" data-link=\"https:\/\/www.intothesquare.org\/img_6749\/\" class=\"wp-image-1314\" srcset=\"https:\/\/www.intothesquare.org\/wp-content\/uploads\/2019\/06\/IMG_6749-1024x683.jpg 1024w, https:\/\/www.intothesquare.org\/wp-content\/uploads\/2019\/06\/IMG_6749-300x200.jpg 300w, https:\/\/www.intothesquare.org\/wp-content\/uploads\/2019\/06\/IMG_6749-768x512.jpg 768w, https:\/\/www.intothesquare.org\/wp-content\/uploads\/2019\/06\/IMG_6749.jpg 1134w\" sizes=\"auto, (max-width: 1024px) 100vw, 1024px\" \/><\/figure><\/li><li class=\"blocks-gallery-item\"><figure><img loading=\"lazy\" decoding=\"async\" width=\"1024\" height=\"683\" src=\"https:\/\/www.intothesquare.org\/wp-content\/uploads\/2019\/06\/IMG_6741-1024x683.jpg\" alt=\"\" data-id=\"1313\" data-link=\"https:\/\/www.intothesquare.org\/img_6741\/\" class=\"wp-image-1313\" srcset=\"https:\/\/www.intothesquare.org\/wp-content\/uploads\/2019\/06\/IMG_6741-1024x683.jpg 1024w, https:\/\/www.intothesquare.org\/wp-content\/uploads\/2019\/06\/IMG_6741-300x200.jpg 300w, https:\/\/www.intothesquare.org\/wp-content\/uploads\/2019\/06\/IMG_6741-768x512.jpg 768w, https:\/\/www.intothesquare.org\/wp-content\/uploads\/2019\/06\/IMG_6741.jpg 1134w\" sizes=\"auto, (max-width: 1024px) 100vw, 1024px\" \/><\/figure><\/li><li class=\"blocks-gallery-item\"><figure><img loading=\"lazy\" decoding=\"async\" width=\"1024\" height=\"633\" src=\"https:\/\/www.intothesquare.org\/wp-content\/uploads\/2019\/06\/IMG_6727-1024x633.jpg\" alt=\"\" data-id=\"1312\" data-link=\"https:\/\/www.intothesquare.org\/img_6727\/\" class=\"wp-image-1312\" srcset=\"https:\/\/www.intothesquare.org\/wp-content\/uploads\/2019\/06\/IMG_6727-1024x633.jpg 1024w, https:\/\/www.intothesquare.org\/wp-content\/uploads\/2019\/06\/IMG_6727-300x186.jpg 300w, https:\/\/www.intothesquare.org\/wp-content\/uploads\/2019\/06\/IMG_6727-768x475.jpg 768w, https:\/\/www.intothesquare.org\/wp-content\/uploads\/2019\/06\/IMG_6727-1536x950.jpg 1536w, https:\/\/www.intothesquare.org\/wp-content\/uploads\/2019\/06\/IMG_6727-825x510.jpg 825w, https:\/\/www.intothesquare.org\/wp-content\/uploads\/2019\/06\/IMG_6727.jpg 1701w\" sizes=\"auto, (max-width: 1024px) 100vw, 1024px\" \/><\/figure><\/li><\/ul><\/figure>\n\n\n\n<figure class=\"wp-block-image\"><img loading=\"lazy\" decoding=\"async\" width=\"1024\" height=\"768\" src=\"https:\/\/www.intothesquare.org\/wp-content\/uploads\/2019\/06\/DJI_00129-1024x768.jpg\" alt=\"\" class=\"wp-image-1629\" srcset=\"https:\/\/www.intothesquare.org\/wp-content\/uploads\/2019\/06\/DJI_00129-1024x768.jpg 1024w, https:\/\/www.intothesquare.org\/wp-content\/uploads\/2019\/06\/DJI_00129-300x225.jpg 300w, https:\/\/www.intothesquare.org\/wp-content\/uploads\/2019\/06\/DJI_00129-768x576.jpg 768w, https:\/\/www.intothesquare.org\/wp-content\/uploads\/2019\/06\/DJI_00129.jpg 1134w\" sizes=\"auto, (max-width: 1024px) 100vw, 1024px\" \/><\/figure>\n","protected":false},"excerpt":{"rendered":"<p>Elburg Meydan\u0131, iki ana caddenin kesi\u015fiminin sonucu olup, \u00e7ok daha k\u00fc\u00e7\u00fck bir \u00f6l\u00e7ekte \u015fehirin haritas\u0131n\u0131 temsil eden kare boyutunu tekrarlatmaktad\u0131r. Elburg, t\u00fcm \u00f6nlemlerin alt\u0131n say\u0131s\u0131yla ilgili olacak \u015fekilde tasarlanan, m\u00fckemmel bir geometrik yap\u0131ya sahiptir. Herhangi bir de\u011fi\u015fiklik olmadan korunan \u015fehrin \u015fekli, 1392 ile 1396 aras\u0131nda yap\u0131lm\u0131\u015ft\u0131r ve Orta \u00c7a\u011f i\u00e7in bir istisnad\u0131r. T\u00fcm yollar, d\u00f6rtgenin &hellip; <a href=\"https:\/\/www.intothesquare.org\/tr\/2019\/european-squares\/marktplatz-fromelburg-holland\/\" class=\"more-link\">Continue reading <span class=\"screen-reader-text\">Elburg, Hollanda, Marktplatz<\/span><\/a><\/p>\n","protected":false},"author":3,"featured_media":1305,"comment_status":"closed","ping_status":"closed","sticky":false,"template":"","format":"standard","meta":{"footnotes":""},"categories":[14],"tags":[141,139,138,149,136,145,151,142,140,146,135,150,21],"class_list":["post-1303","post","type-post","status-publish","format-standard","has-post-thumbnail","hentry","category-european-squares","tag-aerial-view","tag-agora","tag-architecture","tag-az","tag-drone","tag-en","tag-es","tag-exhibition","tag-public-space","tag-ro","tag-square","tag-tr","tag-urbanism"],"translation":{"provider":"WPGlobus","version":"3.0.0","language":"tr","enabled_languages":["en","tr","ro","es","it","gr","az","pl","ge","pt"],"languages":{"en":{"title":true,"content":true,"excerpt":false},"tr":{"title":true,"content":true,"excerpt":false},"ro":{"title":true,"content":true,"excerpt":false},"es":{"title":true,"content":true,"excerpt":false},"it":{"title":false,"content":false,"excerpt":false},"gr":{"title":false,"content":false,"excerpt":false},"az":{"title":true,"content":true,"excerpt":false},"pl":{"title":false,"content":false,"excerpt":false},"ge":{"title":false,"content":false,"excerpt":false},"pt":{"title":false,"content":false,"excerpt":false}}},"_links":{"self":[{"href":"https:\/\/www.intothesquare.org\/tr\/wp-json\/wp\/v2\/posts\/1303","targetHints":{"allow":["GET"]}}],"collection":[{"href":"https:\/\/www.intothesquare.org\/tr\/wp-json\/wp\/v2\/posts"}],"about":[{"href":"https:\/\/www.intothesquare.org\/tr\/wp-json\/wp\/v2\/types\/post"}],"author":[{"embeddable":true,"href":"https:\/\/www.intothesquare.org\/tr\/wp-json\/wp\/v2\/users\/3"}],"replies":[{"embeddable":true,"href":"https:\/\/www.intothesquare.org\/tr\/wp-json\/wp\/v2\/comments?post=1303"}],"version-history":[{"count":0,"href":"https:\/\/www.intothesquare.org\/tr\/wp-json\/wp\/v2\/posts\/1303\/revisions"}],"wp:featuredmedia":[{"embeddable":true,"href":"https:\/\/www.intothesquare.org\/tr\/wp-json\/wp\/v2\/media\/1305"}],"wp:attachment":[{"href":"https:\/\/www.intothesquare.org\/tr\/wp-json\/wp\/v2\/media?parent=1303"}],"wp:term":[{"taxonomy":"category","embeddable":true,"href":"https:\/\/www.intothesquare.org\/tr\/wp-json\/wp\/v2\/categories?post=1303"},{"taxonomy":"post_tag","embeddable":true,"href":"https:\/\/www.intothesquare.org\/tr\/wp-json\/wp\/v2\/tags?post=1303"}],"curies":[{"name":"wp","href":"https:\/\/api.w.org\/{rel}","templated":true}]}}