{"id":1969,"date":"2020-02-02T16:03:12","date_gmt":"2020-02-02T14:03:12","guid":{"rendered":"http:\/\/www.intothesquare.org\/?p=1969"},"modified":"2024-04-26T22:40:48","modified_gmt":"2024-04-26T19:40:48","slug":"marktplein-de-hof-from-amersfoort-netherlands","status":"publish","type":"post","link":"https:\/\/www.intothesquare.org\/tr\/2020\/european-squares\/marktplein-de-hof-from-amersfoort-netherlands\/","title":{"rendered":"Amersfoort, Hollanda, Marktplein de Hof"},"content":{"rendered":"\r\n<figure class=\"wp-block-gallery columns-5 is-cropped wp-block-gallery-1 is-layout-flex wp-block-gallery-is-layout-flex\"><ul class=\"blocks-gallery-grid\"><li class=\"blocks-gallery-item\"><figure><img loading=\"lazy\" decoding=\"async\" width=\"451\" height=\"1024\" src=\"https:\/\/www.intothesquare.org\/wp-content\/uploads\/2020\/02\/0013-451x1024.jpg\" alt=\"\" data-id=\"1976\" data-full-url=\"https:\/\/www.intothesquare.org\/wp-content\/uploads\/2020\/02\/0013.jpg\" data-link=\"https:\/\/www.intothesquare.org\/2020\/uncategorized\/marktplein-de-hof-from-amersfoort-netherlands\/attachment\/0013\/\" class=\"wp-image-1976\" srcset=\"https:\/\/www.intothesquare.org\/wp-content\/uploads\/2020\/02\/0013-451x1024.jpg 451w, https:\/\/www.intothesquare.org\/wp-content\/uploads\/2020\/02\/0013-132x300.jpg 132w, https:\/\/www.intothesquare.org\/wp-content\/uploads\/2020\/02\/0013-768x1742.jpg 768w, https:\/\/www.intothesquare.org\/wp-content\/uploads\/2020\/02\/0013-677x1536.jpg 677w, https:\/\/www.intothesquare.org\/wp-content\/uploads\/2020\/02\/0013-903x2048.jpg 903w, https:\/\/www.intothesquare.org\/wp-content\/uploads\/2020\/02\/0013.jpg 945w\" sizes=\"auto, (max-width: 451px) 100vw, 451px\" \/><\/figure><\/li><li class=\"blocks-gallery-item\"><figure><img loading=\"lazy\" decoding=\"async\" width=\"682\" height=\"1024\" src=\"https:\/\/www.intothesquare.org\/wp-content\/uploads\/2020\/02\/0003-682x1024.jpg\" alt=\"\" data-id=\"1974\" data-full-url=\"https:\/\/www.intothesquare.org\/wp-content\/uploads\/2020\/02\/0003.jpg\" data-link=\"https:\/\/www.intothesquare.org\/2020\/uncategorized\/marktplein-de-hof-from-amersfoort-netherlands\/attachment\/0003\/\" class=\"wp-image-1974\" srcset=\"https:\/\/www.intothesquare.org\/wp-content\/uploads\/2020\/02\/0003-682x1024.jpg 682w, https:\/\/www.intothesquare.org\/wp-content\/uploads\/2020\/02\/0003-200x300.jpg 200w, https:\/\/www.intothesquare.org\/wp-content\/uploads\/2020\/02\/0003-768x1152.jpg 768w, https:\/\/www.intothesquare.org\/wp-content\/uploads\/2020\/02\/0003.jpg 945w\" sizes=\"auto, (max-width: 682px) 100vw, 682px\" \/><\/figure><\/li><li class=\"blocks-gallery-item\"><figure><img loading=\"lazy\" decoding=\"async\" width=\"945\" height=\"630\" src=\"https:\/\/www.intothesquare.org\/wp-content\/uploads\/2020\/02\/0002.jpg\" alt=\"\" data-id=\"1973\" data-full-url=\"https:\/\/www.intothesquare.org\/wp-content\/uploads\/2020\/02\/0002.jpg\" data-link=\"https:\/\/www.intothesquare.org\/2020\/uncategorized\/marktplein-de-hof-from-amersfoort-netherlands\/attachment\/0002\/\" class=\"wp-image-1973\" srcset=\"https:\/\/www.intothesquare.org\/wp-content\/uploads\/2020\/02\/0002.jpg 945w, https:\/\/www.intothesquare.org\/wp-content\/uploads\/2020\/02\/0002-300x200.jpg 300w, https:\/\/www.intothesquare.org\/wp-content\/uploads\/2020\/02\/0002-768x512.jpg 768w\" sizes=\"auto, (max-width: 945px) 100vw, 945px\" \/><\/figure><\/li><li class=\"blocks-gallery-item\"><figure><img loading=\"lazy\" decoding=\"async\" width=\"945\" height=\"630\" src=\"https:\/\/www.intothesquare.org\/wp-content\/uploads\/2020\/02\/0006.jpg\" alt=\"\" data-id=\"1975\" data-full-url=\"https:\/\/www.intothesquare.org\/wp-content\/uploads\/2020\/02\/0006.jpg\" data-link=\"https:\/\/www.intothesquare.org\/2020\/uncategorized\/marktplein-de-hof-from-amersfoort-netherlands\/attachment\/0006\/\" class=\"wp-image-1975\" srcset=\"https:\/\/www.intothesquare.org\/wp-content\/uploads\/2020\/02\/0006.jpg 945w, https:\/\/www.intothesquare.org\/wp-content\/uploads\/2020\/02\/0006-300x200.jpg 300w, https:\/\/www.intothesquare.org\/wp-content\/uploads\/2020\/02\/0006-768x512.jpg 768w\" sizes=\"auto, (max-width: 945px) 100vw, 945px\" \/><\/figure><\/li><li class=\"blocks-gallery-item\"><figure><img loading=\"lazy\" decoding=\"async\" width=\"945\" height=\"630\" src=\"https:\/\/www.intothesquare.org\/wp-content\/uploads\/2020\/02\/0001.jpg\" alt=\"\" data-id=\"1972\" data-full-url=\"https:\/\/www.intothesquare.org\/wp-content\/uploads\/2020\/02\/0001.jpg\" data-link=\"https:\/\/www.intothesquare.org\/2020\/uncategorized\/marktplein-de-hof-from-amersfoort-netherlands\/attachment\/0001\/\" class=\"wp-image-1972\" srcset=\"https:\/\/www.intothesquare.org\/wp-content\/uploads\/2020\/02\/0001.jpg 945w, https:\/\/www.intothesquare.org\/wp-content\/uploads\/2020\/02\/0001-300x200.jpg 300w, https:\/\/www.intothesquare.org\/wp-content\/uploads\/2020\/02\/0001-768x512.jpg 768w\" sizes=\"auto, (max-width: 945px) 100vw, 945px\" \/><\/figure><\/li><\/ul><\/figure>\r\n\r\n\r\n\r\n<p>\u015eehir, zaman i\u00e7erisinde s\u00fcrekli de\u011fi\u015fime u\u011frayan s\u0131n\u0131r izlerini koruyor. Merkezi \u00e7evreleyen duvarlar on be\u015finci y\u00fczy\u0131lda y\u0131k\u0131lm\u0131\u015f ama, &#8220;<em>muurhuizen<\/em>&#8221; denilen ve kilden yap\u0131lm\u0131\u015f ev-duvarlar\u0131 hala eski \u015fehir s\u0131n\u0131rlar\u0131 g\u00f6stermektedir. Eski \u015fehrin d\u0131\u015f\u0131nda, ana yollar\u0131n\u0131n \u00fczerinde, do\u011frusal kenar mahalleler geli\u015fmi\u015ftir. Zamanla, onlar ve \u015fehir aras\u0131ndaki bo\u015fluk dolduruldu ve \u015fehir devam\u0131nda, karayolunun \u00f6tesinde de geni\u015fledi. Marktplein de Hof meydan\u0131 ise, merkezde kalmaya devam etmi\u015ftir.<\/p>\r\n\r\n\r\n\r\n<figure class=\"wp-block-image size-large\"><img loading=\"lazy\" decoding=\"async\" width=\"1024\" height=\"633\" src=\"https:\/\/www.intothesquare.org\/wp-content\/uploads\/2020\/02\/0195-1024x633.jpg\" alt=\"\" class=\"wp-image-1971\" srcset=\"https:\/\/www.intothesquare.org\/wp-content\/uploads\/2020\/02\/0195-1024x633.jpg 1024w, https:\/\/www.intothesquare.org\/wp-content\/uploads\/2020\/02\/0195-300x185.jpg 300w, https:\/\/www.intothesquare.org\/wp-content\/uploads\/2020\/02\/0195-768x475.jpg 768w, https:\/\/www.intothesquare.org\/wp-content\/uploads\/2020\/02\/0195-825x510.jpg 825w, https:\/\/www.intothesquare.org\/wp-content\/uploads\/2020\/02\/0195.jpg 1087w\" sizes=\"auto, (max-width: 1024px) 100vw, 1024px\" \/><\/figure>\r\n","protected":false},"excerpt":{"rendered":"<p>\u015eehir, zaman i\u00e7erisinde s\u00fcrekli de\u011fi\u015fime u\u011frayan s\u0131n\u0131r izlerini koruyor. Merkezi \u00e7evreleyen duvarlar on be\u015finci y\u00fczy\u0131lda y\u0131k\u0131lm\u0131\u015f ama, &#8220;muurhuizen&#8221; denilen ve kilden yap\u0131lm\u0131\u015f ev-duvarlar\u0131 hala eski \u015fehir s\u0131n\u0131rlar\u0131 g\u00f6stermektedir. Eski \u015fehrin d\u0131\u015f\u0131nda, ana yollar\u0131n\u0131n \u00fczerinde, do\u011frusal kenar mahalleler geli\u015fmi\u015ftir. Zamanla, onlar ve \u015fehir aras\u0131ndaki bo\u015fluk dolduruldu ve \u015fehir devam\u0131nda, karayolunun \u00f6tesinde de geni\u015fledi. Marktplein de Hof &hellip; <a href=\"https:\/\/www.intothesquare.org\/tr\/2020\/european-squares\/marktplein-de-hof-from-amersfoort-netherlands\/\" class=\"more-link\">Continue reading <span class=\"screen-reader-text\">Amersfoort, Hollanda, Marktplein de Hof<\/span><\/a><\/p>\n","protected":false},"author":3,"featured_media":1971,"comment_status":"closed","ping_status":"closed","sticky":false,"template":"","format":"standard","meta":{"footnotes":""},"categories":[14],"tags":[149,145,151,148,147,146,150],"class_list":["post-1969","post","type-post","status-publish","format-standard","has-post-thumbnail","hentry","category-european-squares","tag-az","tag-en","tag-es","tag-ge","tag-gr","tag-ro","tag-tr"],"translation":{"provider":"WPGlobus","version":"3.0.0","language":"tr","enabled_languages":["en","tr","ro","es","it","gr","az","pl","ge","pt"],"languages":{"en":{"title":true,"content":true,"excerpt":false},"tr":{"title":true,"content":true,"excerpt":false},"ro":{"title":true,"content":true,"excerpt":false},"es":{"title":true,"content":true,"excerpt":false},"it":{"title":false,"content":false,"excerpt":false},"gr":{"title":true,"content":true,"excerpt":false},"az":{"title":true,"content":true,"excerpt":false},"pl":{"title":false,"content":false,"excerpt":false},"ge":{"title":true,"content":true,"excerpt":false},"pt":{"title":false,"content":false,"excerpt":false}}},"_links":{"self":[{"href":"https:\/\/www.intothesquare.org\/tr\/wp-json\/wp\/v2\/posts\/1969","targetHints":{"allow":["GET"]}}],"collection":[{"href":"https:\/\/www.intothesquare.org\/tr\/wp-json\/wp\/v2\/posts"}],"about":[{"href":"https:\/\/www.intothesquare.org\/tr\/wp-json\/wp\/v2\/types\/post"}],"author":[{"embeddable":true,"href":"https:\/\/www.intothesquare.org\/tr\/wp-json\/wp\/v2\/users\/3"}],"replies":[{"embeddable":true,"href":"https:\/\/www.intothesquare.org\/tr\/wp-json\/wp\/v2\/comments?post=1969"}],"version-history":[{"count":0,"href":"https:\/\/www.intothesquare.org\/tr\/wp-json\/wp\/v2\/posts\/1969\/revisions"}],"wp:featuredmedia":[{"embeddable":true,"href":"https:\/\/www.intothesquare.org\/tr\/wp-json\/wp\/v2\/media\/1971"}],"wp:attachment":[{"href":"https:\/\/www.intothesquare.org\/tr\/wp-json\/wp\/v2\/media?parent=1969"}],"wp:term":[{"taxonomy":"category","embeddable":true,"href":"https:\/\/www.intothesquare.org\/tr\/wp-json\/wp\/v2\/categories?post=1969"},{"taxonomy":"post_tag","embeddable":true,"href":"https:\/\/www.intothesquare.org\/tr\/wp-json\/wp\/v2\/tags?post=1969"}],"curies":[{"name":"wp","href":"https:\/\/api.w.org\/{rel}","templated":true}]}}