{"id":2081,"date":"2020-02-03T11:23:00","date_gmt":"2020-02-03T09:23:00","guid":{"rendered":"http:\/\/www.intothesquare.org\/?p=2081"},"modified":"2024-04-26T22:32:53","modified_gmt":"2024-04-26T19:32:53","slug":"piazza-paolo-vi-and-piazza-della-loggia-from-brescia-italy","status":"publish","type":"post","link":"https:\/\/www.intothesquare.org\/tr\/2020\/european-squares\/piazza-paolo-vi-and-piazza-della-loggia-from-brescia-italy\/","title":{"rendered":"Brescia, \u0130talya, Piazza Paolo VI, Piazza della Loggia"},"content":{"rendered":"\n<figure class=\"wp-block-gallery columns-3 is-cropped wp-block-gallery-1 is-layout-flex wp-block-gallery-is-layout-flex\"><ul class=\"blocks-gallery-grid\"><li class=\"blocks-gallery-item\"><figure><img loading=\"lazy\" decoding=\"async\" width=\"1024\" height=\"683\" src=\"https:\/\/www.intothesquare.org\/wp-content\/uploads\/2020\/02\/018-1024x683.jpg\" alt=\"\" data-id=\"2085\" data-full-url=\"https:\/\/www.intothesquare.org\/wp-content\/uploads\/2020\/02\/018.jpg\" data-link=\"https:\/\/www.intothesquare.org\/2020\/european-squares\/piazza-paolo-vi-and-piazza-della-loggia-from-brescia-italy\/attachment\/018\/\" class=\"wp-image-2085\" srcset=\"https:\/\/www.intothesquare.org\/wp-content\/uploads\/2020\/02\/018-1024x683.jpg 1024w, https:\/\/www.intothesquare.org\/wp-content\/uploads\/2020\/02\/018-300x200.jpg 300w, https:\/\/www.intothesquare.org\/wp-content\/uploads\/2020\/02\/018-768x512.jpg 768w, https:\/\/www.intothesquare.org\/wp-content\/uploads\/2020\/02\/018.jpg 1296w\" sizes=\"auto, (max-width: 1024px) 100vw, 1024px\" \/><\/figure><\/li><li class=\"blocks-gallery-item\"><figure><img loading=\"lazy\" decoding=\"async\" width=\"1024\" height=\"630\" src=\"https:\/\/www.intothesquare.org\/wp-content\/uploads\/2020\/02\/015-1024x630.jpg\" alt=\"\" data-id=\"2084\" data-full-url=\"https:\/\/www.intothesquare.org\/wp-content\/uploads\/2020\/02\/015.jpg\" data-link=\"https:\/\/www.intothesquare.org\/2020\/european-squares\/piazza-paolo-vi-and-piazza-della-loggia-from-brescia-italy\/attachment\/015\/\" class=\"wp-image-2084\" srcset=\"https:\/\/www.intothesquare.org\/wp-content\/uploads\/2020\/02\/015-1024x630.jpg 1024w, https:\/\/www.intothesquare.org\/wp-content\/uploads\/2020\/02\/015-300x184.jpg 300w, https:\/\/www.intothesquare.org\/wp-content\/uploads\/2020\/02\/015-768x472.jpg 768w, https:\/\/www.intothesquare.org\/wp-content\/uploads\/2020\/02\/015.jpg 1296w\" sizes=\"auto, (max-width: 1024px) 100vw, 1024px\" \/><\/figure><\/li><li class=\"blocks-gallery-item\"><figure><img loading=\"lazy\" decoding=\"async\" width=\"1024\" height=\"744\" src=\"https:\/\/www.intothesquare.org\/wp-content\/uploads\/2020\/02\/023-1024x744.jpg\" alt=\"\" data-id=\"2086\" data-full-url=\"https:\/\/www.intothesquare.org\/wp-content\/uploads\/2020\/02\/023.jpg\" data-link=\"https:\/\/www.intothesquare.org\/2020\/european-squares\/piazza-paolo-vi-and-piazza-della-loggia-from-brescia-italy\/attachment\/023\/\" class=\"wp-image-2086\" srcset=\"https:\/\/www.intothesquare.org\/wp-content\/uploads\/2020\/02\/023-1024x744.jpg 1024w, https:\/\/www.intothesquare.org\/wp-content\/uploads\/2020\/02\/023-300x218.jpg 300w, https:\/\/www.intothesquare.org\/wp-content\/uploads\/2020\/02\/023-768x558.jpg 768w, https:\/\/www.intothesquare.org\/wp-content\/uploads\/2020\/02\/023.jpg 1296w\" sizes=\"auto, (max-width: 1024px) 100vw, 1024px\" \/><\/figure><\/li><\/ul><\/figure>\n\n\n\n<p>Piazza Paolo VI, geni\u015f bir meydan sisteminin en b\u00fcy\u00fck par\u00e7as\u0131 olmakla birlikte, Brescia&#8217;n\u0131n ana meydan\u0131d\u0131r. Orta\u00e7a\u011f d\u00f6neminden kalmad\u0131r. Duomo Vecchio ve Duomo Nuovo&#8217;nun yan\u0131 s\u0131ra, Belediye Binas\u0131 Il Broletto da burada bulunmaktad\u0131r. Fakat Brescia&#8217;n\u0131n meydanlar\u0131n\u0131n en g\u00fczeli, hemen yan\u0131ndaki kom\u015fu meydan\u0131 olan Piazza de la Loggia&#8217;d\u0131r. Meydan\u0131n in\u015faat\u0131, Filippo Grassi y\u00f6netiminde ve en otantik Venedik tarz\u0131nda 1489 y\u0131l\u0131nda ba\u015flam\u0131\u015ft\u0131r.<\/p>\n\n\n\n<p>Meydanda bulunan t\u00fcm binalar, g\u00f6rsel olarak ona ba\u011fl\u0131d\u0131r ve arkat\u0131n\u0131 aynada yans\u0131tmaktad\u0131r. Kar\u015f\u0131 tarafta bulunan ve bak\u0131\u015flar\u0131 \u00fczerinde toplayan Torre dell&#8217;Orologio, kemer alt\u0131 sayesinde Piazza Paolo VI&#8217;ya ge\u00e7i\u015fi sa\u011flamaktad\u0131r. Astronomik saat kulesi, 1546 y\u0131l\u0131ndan kalmad\u0131r. Piazza della Loggia\u2019da, eski sakinlerinin kent idaresiyle ilgili \u015fikayet notlar\u0131n\u0131 \u00fczerlerine yap\u0131\u015ft\u0131rd\u0131klar\u0131 Brescia\u2019n\u0131n d\u00f6rt &#8220;konu\u015fan heykel&#8221; inin \u00fc\u00e7 tanesi burada bulunmaktad\u0131r.<\/p>\n\n\n\n<figure class=\"wp-block-image size-large\"><img loading=\"lazy\" decoding=\"async\" width=\"1024\" height=\"633\" src=\"https:\/\/www.intothesquare.org\/wp-content\/uploads\/2020\/02\/012-1024x633.jpg\" alt=\"\" class=\"wp-image-2082\" srcset=\"https:\/\/www.intothesquare.org\/wp-content\/uploads\/2020\/02\/012-1024x633.jpg 1024w, https:\/\/www.intothesquare.org\/wp-content\/uploads\/2020\/02\/012-300x185.jpg 300w, https:\/\/www.intothesquare.org\/wp-content\/uploads\/2020\/02\/012-768x475.jpg 768w, https:\/\/www.intothesquare.org\/wp-content\/uploads\/2020\/02\/012-825x510.jpg 825w, https:\/\/www.intothesquare.org\/wp-content\/uploads\/2020\/02\/012.jpg 1296w\" sizes=\"auto, (max-width: 1024px) 100vw, 1024px\" \/><\/figure>\n","protected":false},"excerpt":{"rendered":"<p>Piazza Paolo VI, geni\u015f bir meydan sisteminin en b\u00fcy\u00fck par\u00e7as\u0131 olmakla birlikte, Brescia&#8217;n\u0131n ana meydan\u0131d\u0131r. Orta\u00e7a\u011f d\u00f6neminden kalmad\u0131r. Duomo Vecchio ve Duomo Nuovo&#8217;nun yan\u0131 s\u0131ra, Belediye Binas\u0131 Il Broletto da burada bulunmaktad\u0131r. Fakat Brescia&#8217;n\u0131n meydanlar\u0131n\u0131n en g\u00fczeli, hemen yan\u0131ndaki kom\u015fu meydan\u0131 olan Piazza de la Loggia&#8217;d\u0131r. Meydan\u0131n in\u015faat\u0131, Filippo Grassi y\u00f6netiminde ve en otantik Venedik &hellip; <a href=\"https:\/\/www.intothesquare.org\/tr\/2020\/european-squares\/piazza-paolo-vi-and-piazza-della-loggia-from-brescia-italy\/\" class=\"more-link\">Continue reading <span class=\"screen-reader-text\">Brescia, \u0130talya, Piazza Paolo VI, Piazza della Loggia<\/span><\/a><\/p>\n","protected":false},"author":3,"featured_media":2082,"comment_status":"closed","ping_status":"closed","sticky":false,"template":"","format":"standard","meta":{"footnotes":""},"categories":[14],"tags":[149,145,148,147,146,150],"class_list":["post-2081","post","type-post","status-publish","format-standard","has-post-thumbnail","hentry","category-european-squares","tag-az","tag-en","tag-ge","tag-gr","tag-ro","tag-tr"],"translation":{"provider":"WPGlobus","version":"3.0.0","language":"tr","enabled_languages":["en","tr","ro","es","it","gr","az","pl","ge","pt"],"languages":{"en":{"title":true,"content":true,"excerpt":false},"tr":{"title":true,"content":true,"excerpt":false},"ro":{"title":true,"content":true,"excerpt":false},"es":{"title":false,"content":false,"excerpt":false},"it":{"title":false,"content":false,"excerpt":false},"gr":{"title":true,"content":true,"excerpt":false},"az":{"title":true,"content":true,"excerpt":false},"pl":{"title":false,"content":false,"excerpt":false},"ge":{"title":true,"content":true,"excerpt":false},"pt":{"title":false,"content":false,"excerpt":false}}},"_links":{"self":[{"href":"https:\/\/www.intothesquare.org\/tr\/wp-json\/wp\/v2\/posts\/2081","targetHints":{"allow":["GET"]}}],"collection":[{"href":"https:\/\/www.intothesquare.org\/tr\/wp-json\/wp\/v2\/posts"}],"about":[{"href":"https:\/\/www.intothesquare.org\/tr\/wp-json\/wp\/v2\/types\/post"}],"author":[{"embeddable":true,"href":"https:\/\/www.intothesquare.org\/tr\/wp-json\/wp\/v2\/users\/3"}],"replies":[{"embeddable":true,"href":"https:\/\/www.intothesquare.org\/tr\/wp-json\/wp\/v2\/comments?post=2081"}],"version-history":[{"count":0,"href":"https:\/\/www.intothesquare.org\/tr\/wp-json\/wp\/v2\/posts\/2081\/revisions"}],"wp:featuredmedia":[{"embeddable":true,"href":"https:\/\/www.intothesquare.org\/tr\/wp-json\/wp\/v2\/media\/2082"}],"wp:attachment":[{"href":"https:\/\/www.intothesquare.org\/tr\/wp-json\/wp\/v2\/media?parent=2081"}],"wp:term":[{"taxonomy":"category","embeddable":true,"href":"https:\/\/www.intothesquare.org\/tr\/wp-json\/wp\/v2\/categories?post=2081"},{"taxonomy":"post_tag","embeddable":true,"href":"https:\/\/www.intothesquare.org\/tr\/wp-json\/wp\/v2\/tags?post=2081"}],"curies":[{"name":"wp","href":"https:\/\/api.w.org\/{rel}","templated":true}]}}