{"id":2089,"date":"2020-02-03T11:27:08","date_gmt":"2020-02-03T09:27:08","guid":{"rendered":"http:\/\/www.intothesquare.org\/?p=2089"},"modified":"2024-04-26T22:32:21","modified_gmt":"2024-04-26T19:32:21","slug":"piazza-dellunita-ditalia-from-1-trieste-italy","status":"publish","type":"post","link":"https:\/\/www.intothesquare.org\/tr\/2020\/european-squares\/piazza-dellunita-ditalia-from-1-trieste-italy\/","title":{"rendered":"Trieste, \u0130talya, Piazza dell&#8217;Unita d&#8217;\u0130talia"},"content":{"rendered":"\n<figure class=\"wp-block-gallery has-nested-images columns-default is-cropped wp-block-gallery-1 is-layout-flex wp-block-gallery-is-layout-flex\">\n<figure class=\"wp-block-image size-large\"><img loading=\"lazy\" decoding=\"async\" width=\"1024\" height=\"683\" data-id=\"2091\" src=\"https:\/\/www.intothesquare.org\/wp-content\/uploads\/2020\/02\/172-1024x683.jpg\" alt=\"\" class=\"wp-image-2091\" srcset=\"https:\/\/www.intothesquare.org\/wp-content\/uploads\/2020\/02\/172-1024x683.jpg 1024w, https:\/\/www.intothesquare.org\/wp-content\/uploads\/2020\/02\/172-300x200.jpg 300w, https:\/\/www.intothesquare.org\/wp-content\/uploads\/2020\/02\/172-768x512.jpg 768w, https:\/\/www.intothesquare.org\/wp-content\/uploads\/2020\/02\/172.jpg 1296w\" sizes=\"auto, (max-width: 1024px) 100vw, 1024px\" \/><\/figure>\n\n\n\n<figure class=\"wp-block-image size-large\"><img loading=\"lazy\" decoding=\"async\" width=\"1024\" height=\"683\" data-id=\"2092\" src=\"https:\/\/www.intothesquare.org\/wp-content\/uploads\/2020\/02\/173-1024x683.jpg\" alt=\"\" class=\"wp-image-2092\" srcset=\"https:\/\/www.intothesquare.org\/wp-content\/uploads\/2020\/02\/173-1024x683.jpg 1024w, https:\/\/www.intothesquare.org\/wp-content\/uploads\/2020\/02\/173-300x200.jpg 300w, https:\/\/www.intothesquare.org\/wp-content\/uploads\/2020\/02\/173-768x512.jpg 768w, https:\/\/www.intothesquare.org\/wp-content\/uploads\/2020\/02\/173.jpg 1296w\" sizes=\"auto, (max-width: 1024px) 100vw, 1024px\" \/><\/figure>\n\n\n\n<figure class=\"wp-block-image size-large\"><img loading=\"lazy\" decoding=\"async\" width=\"1024\" height=\"634\" data-id=\"2093\" src=\"https:\/\/www.intothesquare.org\/wp-content\/uploads\/2020\/02\/174-1024x634.jpg\" alt=\"\" class=\"wp-image-2093\" srcset=\"https:\/\/www.intothesquare.org\/wp-content\/uploads\/2020\/02\/174-1024x634.jpg 1024w, https:\/\/www.intothesquare.org\/wp-content\/uploads\/2020\/02\/174-300x186.jpg 300w, https:\/\/www.intothesquare.org\/wp-content\/uploads\/2020\/02\/174-768x475.jpg 768w, https:\/\/www.intothesquare.org\/wp-content\/uploads\/2020\/02\/174-825x510.jpg 825w, https:\/\/www.intothesquare.org\/wp-content\/uploads\/2020\/02\/174.jpg 1296w\" sizes=\"auto, (max-width: 1024px) 100vw, 1024px\" \/><\/figure>\n<\/figure>\n\n\n\n<p>Piazza Grande veya Piazza dell&#8217;Unit\u00e2 d&#8217;Italia, Avrupa&#8217;n\u0131n en b\u00fcy\u00fck denize a\u00e7\u0131lan meydan\u0131 olup, yakla\u015f\u0131k 17 000 m2&#8217;dir. Bir yol ve bir gezinti yolu ile ayr\u0131lsa da, meydan ve Adriyatik sular\u0131, Fontana dei Quattro Continenti&#8217;nin bulundu\u011fu meydan\u0131n di\u011fer ucundan ge\u00e7erken, \u015fehiredeki ana yollar\u0131n \u00e7o\u011funun kesi\u015fti\u011fi noktada birle\u015fiyor gibi g\u00f6r\u00fcnmektedir. Yaln\u0131zca iki bayrak dire\u011fi, bu perspektifin \u00e7er\u00e7evesini olu\u015fturmak i\u00e7in yeterli say\u0131l\u0131r. Meydan\u0131n tarihi, 1252 y\u0131ll\u0131nda ilk Palazzo Comunale&#8217;nin in\u015fas\u0131yla ba\u015fl\u0131yor, ancak \u015fimdiki g\u00f6r\u00fcn\u00fcm \u00e7ok daha yak\u0131n bir ge\u00e7mi\u015fe sahiptir ve Avusturya-Macaristan \u0130mparatorlu\u011fu&#8217;nun bir par\u00e7as\u0131 oldu\u011fu ondokuzuncu y\u00fczy\u0131l\u0131n ikinci yar\u0131s\u0131ndaki d\u00f6n\u00fc\u015f\u00fcmleri yans\u0131tmaktad\u0131r. Meydan\u0131n \u00e7evresini tan\u0131mlayan an\u0131tsal yap\u0131lar\u0131n \u00e7o\u011funu, ancak 1858 y\u0131l\u0131ndan sonra in\u015fa edilmi\u015ftir.<\/p>\n\n\n\n<figure class=\"wp-block-image size-large\"><img loading=\"lazy\" decoding=\"async\" width=\"1024\" height=\"634\" src=\"https:\/\/www.intothesquare.org\/wp-content\/uploads\/2020\/02\/170-1024x634.jpg\" alt=\"\" class=\"wp-image-2090\" srcset=\"https:\/\/www.intothesquare.org\/wp-content\/uploads\/2020\/02\/170-1024x634.jpg 1024w, https:\/\/www.intothesquare.org\/wp-content\/uploads\/2020\/02\/170-300x186.jpg 300w, https:\/\/www.intothesquare.org\/wp-content\/uploads\/2020\/02\/170-768x475.jpg 768w, https:\/\/www.intothesquare.org\/wp-content\/uploads\/2020\/02\/170-825x510.jpg 825w, https:\/\/www.intothesquare.org\/wp-content\/uploads\/2020\/02\/170.jpg 1296w\" sizes=\"auto, (max-width: 1024px) 100vw, 1024px\" \/><\/figure>\n","protected":false},"excerpt":{"rendered":"<p>Piazza Grande veya Piazza dell&#8217;Unit\u00e2 d&#8217;Italia, Avrupa&#8217;n\u0131n en b\u00fcy\u00fck denize a\u00e7\u0131lan meydan\u0131 olup, yakla\u015f\u0131k 17 000 m2&#8217;dir. Bir yol ve bir gezinti yolu ile ayr\u0131lsa da, meydan ve Adriyatik sular\u0131, Fontana dei Quattro Continenti&#8217;nin bulundu\u011fu meydan\u0131n di\u011fer ucundan ge\u00e7erken, \u015fehiredeki ana yollar\u0131n \u00e7o\u011funun kesi\u015fti\u011fi noktada birle\u015fiyor gibi g\u00f6r\u00fcnmektedir. Yaln\u0131zca iki bayrak dire\u011fi, bu perspektifin \u00e7er\u00e7evesini &hellip; <a href=\"https:\/\/www.intothesquare.org\/tr\/2020\/european-squares\/piazza-dellunita-ditalia-from-1-trieste-italy\/\" class=\"more-link\">Continue reading <span class=\"screen-reader-text\">Trieste, \u0130talya, Piazza dell&#8217;Unita d&#8217;\u0130talia<\/span><\/a><\/p>\n","protected":false},"author":3,"featured_media":2090,"comment_status":"closed","ping_status":"closed","sticky":false,"template":"","format":"standard","meta":{"footnotes":""},"categories":[14],"tags":[149,145,148,147,146,150],"class_list":["post-2089","post","type-post","status-publish","format-standard","has-post-thumbnail","hentry","category-european-squares","tag-az","tag-en","tag-ge","tag-gr","tag-ro","tag-tr"],"translation":{"provider":"WPGlobus","version":"3.0.0","language":"tr","enabled_languages":["en","tr","ro","es","it","gr","az","pl","ge","pt"],"languages":{"en":{"title":true,"content":true,"excerpt":false},"tr":{"title":true,"content":true,"excerpt":false},"ro":{"title":true,"content":true,"excerpt":false},"es":{"title":false,"content":false,"excerpt":false},"it":{"title":false,"content":false,"excerpt":false},"gr":{"title":true,"content":true,"excerpt":false},"az":{"title":true,"content":true,"excerpt":false},"pl":{"title":false,"content":false,"excerpt":false},"ge":{"title":true,"content":true,"excerpt":false},"pt":{"title":false,"content":false,"excerpt":false}}},"_links":{"self":[{"href":"https:\/\/www.intothesquare.org\/tr\/wp-json\/wp\/v2\/posts\/2089","targetHints":{"allow":["GET"]}}],"collection":[{"href":"https:\/\/www.intothesquare.org\/tr\/wp-json\/wp\/v2\/posts"}],"about":[{"href":"https:\/\/www.intothesquare.org\/tr\/wp-json\/wp\/v2\/types\/post"}],"author":[{"embeddable":true,"href":"https:\/\/www.intothesquare.org\/tr\/wp-json\/wp\/v2\/users\/3"}],"replies":[{"embeddable":true,"href":"https:\/\/www.intothesquare.org\/tr\/wp-json\/wp\/v2\/comments?post=2089"}],"version-history":[{"count":0,"href":"https:\/\/www.intothesquare.org\/tr\/wp-json\/wp\/v2\/posts\/2089\/revisions"}],"wp:featuredmedia":[{"embeddable":true,"href":"https:\/\/www.intothesquare.org\/tr\/wp-json\/wp\/v2\/media\/2090"}],"wp:attachment":[{"href":"https:\/\/www.intothesquare.org\/tr\/wp-json\/wp\/v2\/media?parent=2089"}],"wp:term":[{"taxonomy":"category","embeddable":true,"href":"https:\/\/www.intothesquare.org\/tr\/wp-json\/wp\/v2\/categories?post=2089"},{"taxonomy":"post_tag","embeddable":true,"href":"https:\/\/www.intothesquare.org\/tr\/wp-json\/wp\/v2\/tags?post=2089"}],"curies":[{"name":"wp","href":"https:\/\/api.w.org\/{rel}","templated":true}]}}