{"id":2097,"date":"2020-02-03T11:32:13","date_gmt":"2020-02-03T09:32:13","guid":{"rendered":"http:\/\/www.intothesquare.org\/?p=2097"},"modified":"2024-04-26T22:31:44","modified_gmt":"2024-04-26T19:31:44","slug":"am-markt-from-schwerin-germany","status":"publish","type":"post","link":"https:\/\/www.intothesquare.org\/tr\/2020\/european-squares\/am-markt-from-schwerin-germany\/","title":{"rendered":"Schwerin, Almanya, Am Markt"},"content":{"rendered":"\n<p>Schwerin Am Markt, tam olarak bir meydan\u0131n tan\u0131m\u0131d\u0131r. Kentin kuruldu\u011fu g\u00fcnden bu yana yer alan, \u015fehrin co\u011frafi merkezinde, hemen hemen e\u015fit taraflar\u0131 olan bir d\u00f6rtgen, katedralden belediye binas\u0131na kadar t\u00fcm \u00f6nemli binalar\u0131 bir araya topluyor ve uzaktan, bir masal kalesi taraf\u0131ndan domine edilimektedir. Meydanda uygulanan, Aslan Henry zaman\u0131nda belirlenen s\u0131k\u0131 ticari kurallar, \u015fehri ekonomik olarak geli\u015ftirmek i\u00e7in tasarlanm\u0131\u015ft\u0131r. Her ticaret t\u00fcr\u00fcn\u00fcn \u00f6nceden belirlenmi\u015f bir yere sahiptir. \u00d6rne\u011fin, bal\u0131k sadece meydan\u0131n kuzeydo\u011fu b\u00f6lgesinde sat\u0131labilirdi. Kasaplar, kapal\u0131 tezgahlara sahip olmak zorundalard\u0131. Meydanda, yanl\u0131zca yerel esnaf ve sanatk\u00e2rlar\u0131n mallar\u0131n\u0131 getirmelerine izin verilirdi. 1171 y\u0131l\u0131ndan sonra, y\u0131l\u0131n sadece bir g\u00fcn\u00fcnde yabanc\u0131 t\u00fcccarlar da buraya gelebilirdi.<\/p>\n\n\n\n<figure class=\"wp-block-gallery has-nested-images columns-4 is-cropped wp-block-gallery-1 is-layout-flex wp-block-gallery-is-layout-flex\">\n<figure class=\"wp-block-image size-large\"><img loading=\"lazy\" decoding=\"async\" width=\"804\" height=\"1024\" data-id=\"2101\" src=\"https:\/\/www.intothesquare.org\/wp-content\/uploads\/2020\/02\/105-804x1024.jpg\" alt=\"\" class=\"wp-image-2101\" srcset=\"https:\/\/www.intothesquare.org\/wp-content\/uploads\/2020\/02\/105-804x1024.jpg 804w, https:\/\/www.intothesquare.org\/wp-content\/uploads\/2020\/02\/105-235x300.jpg 235w, https:\/\/www.intothesquare.org\/wp-content\/uploads\/2020\/02\/105-768x978.jpg 768w, https:\/\/www.intothesquare.org\/wp-content\/uploads\/2020\/02\/105-1206x1536.jpg 1206w, https:\/\/www.intothesquare.org\/wp-content\/uploads\/2020\/02\/105.jpg 1296w\" sizes=\"auto, (max-width: 804px) 100vw, 804px\" \/><\/figure>\n\n\n\n<figure class=\"wp-block-image size-large\"><img loading=\"lazy\" decoding=\"async\" width=\"695\" height=\"1024\" data-id=\"2102\" src=\"https:\/\/www.intothesquare.org\/wp-content\/uploads\/2020\/02\/107-695x1024.jpg\" alt=\"\" class=\"wp-image-2102\" srcset=\"https:\/\/www.intothesquare.org\/wp-content\/uploads\/2020\/02\/107-695x1024.jpg 695w, https:\/\/www.intothesquare.org\/wp-content\/uploads\/2020\/02\/107-204x300.jpg 204w, https:\/\/www.intothesquare.org\/wp-content\/uploads\/2020\/02\/107-768x1131.jpg 768w, https:\/\/www.intothesquare.org\/wp-content\/uploads\/2020\/02\/107.jpg 978w\" sizes=\"auto, (max-width: 695px) 100vw, 695px\" \/><\/figure>\n\n\n\n<figure class=\"wp-block-image size-large\"><img loading=\"lazy\" decoding=\"async\" width=\"1024\" height=\"683\" data-id=\"2100\" src=\"https:\/\/www.intothesquare.org\/wp-content\/uploads\/2020\/02\/104-1024x683.jpg\" alt=\"\" class=\"wp-image-2100\" srcset=\"https:\/\/www.intothesquare.org\/wp-content\/uploads\/2020\/02\/104-1024x683.jpg 1024w, https:\/\/www.intothesquare.org\/wp-content\/uploads\/2020\/02\/104-300x200.jpg 300w, https:\/\/www.intothesquare.org\/wp-content\/uploads\/2020\/02\/104-768x512.jpg 768w, https:\/\/www.intothesquare.org\/wp-content\/uploads\/2020\/02\/104.jpg 1296w\" sizes=\"auto, (max-width: 1024px) 100vw, 1024px\" \/><\/figure>\n\n\n\n<figure class=\"wp-block-image size-large\"><img loading=\"lazy\" decoding=\"async\" width=\"806\" height=\"1024\" data-id=\"2099\" src=\"https:\/\/www.intothesquare.org\/wp-content\/uploads\/2020\/02\/101-806x1024.jpg\" alt=\"\" class=\"wp-image-2099\" srcset=\"https:\/\/www.intothesquare.org\/wp-content\/uploads\/2020\/02\/101-806x1024.jpg 806w, https:\/\/www.intothesquare.org\/wp-content\/uploads\/2020\/02\/101-236x300.jpg 236w, https:\/\/www.intothesquare.org\/wp-content\/uploads\/2020\/02\/101-768x975.jpg 768w, https:\/\/www.intothesquare.org\/wp-content\/uploads\/2020\/02\/101-1209x1536.jpg 1209w, https:\/\/www.intothesquare.org\/wp-content\/uploads\/2020\/02\/101.jpg 1296w\" sizes=\"auto, (max-width: 806px) 100vw, 806px\" \/><\/figure>\n<\/figure>\n","protected":false},"excerpt":{"rendered":"<p>Schwerin Am Markt, tam olarak bir meydan\u0131n tan\u0131m\u0131d\u0131r. Kentin kuruldu\u011fu g\u00fcnden bu yana yer alan, \u015fehrin co\u011frafi merkezinde, hemen hemen e\u015fit taraflar\u0131 olan bir d\u00f6rtgen, katedralden belediye binas\u0131na kadar t\u00fcm \u00f6nemli binalar\u0131 bir araya topluyor ve uzaktan, bir masal kalesi taraf\u0131ndan domine edilimektedir. Meydanda uygulanan, Aslan Henry zaman\u0131nda belirlenen s\u0131k\u0131 ticari kurallar, \u015fehri ekonomik olarak &hellip; <a href=\"https:\/\/www.intothesquare.org\/tr\/2020\/european-squares\/am-markt-from-schwerin-germany\/\" class=\"more-link\">Continue reading <span class=\"screen-reader-text\">Schwerin, Almanya, Am Markt<\/span><\/a><\/p>\n","protected":false},"author":3,"featured_media":2098,"comment_status":"closed","ping_status":"closed","sticky":false,"template":"","format":"standard","meta":{"footnotes":""},"categories":[14],"tags":[149,145,151,148,147,146,150],"class_list":["post-2097","post","type-post","status-publish","format-standard","has-post-thumbnail","hentry","category-european-squares","tag-az","tag-en","tag-es","tag-ge","tag-gr","tag-ro","tag-tr"],"translation":{"provider":"WPGlobus","version":"3.0.0","language":"tr","enabled_languages":["en","tr","ro","es","it","gr","az","pl","ge","pt"],"languages":{"en":{"title":true,"content":true,"excerpt":false},"tr":{"title":true,"content":true,"excerpt":false},"ro":{"title":true,"content":true,"excerpt":false},"es":{"title":true,"content":true,"excerpt":false},"it":{"title":false,"content":false,"excerpt":false},"gr":{"title":true,"content":true,"excerpt":false},"az":{"title":true,"content":true,"excerpt":false},"pl":{"title":false,"content":false,"excerpt":false},"ge":{"title":true,"content":true,"excerpt":false},"pt":{"title":false,"content":false,"excerpt":false}}},"_links":{"self":[{"href":"https:\/\/www.intothesquare.org\/tr\/wp-json\/wp\/v2\/posts\/2097","targetHints":{"allow":["GET"]}}],"collection":[{"href":"https:\/\/www.intothesquare.org\/tr\/wp-json\/wp\/v2\/posts"}],"about":[{"href":"https:\/\/www.intothesquare.org\/tr\/wp-json\/wp\/v2\/types\/post"}],"author":[{"embeddable":true,"href":"https:\/\/www.intothesquare.org\/tr\/wp-json\/wp\/v2\/users\/3"}],"replies":[{"embeddable":true,"href":"https:\/\/www.intothesquare.org\/tr\/wp-json\/wp\/v2\/comments?post=2097"}],"version-history":[{"count":0,"href":"https:\/\/www.intothesquare.org\/tr\/wp-json\/wp\/v2\/posts\/2097\/revisions"}],"wp:featuredmedia":[{"embeddable":true,"href":"https:\/\/www.intothesquare.org\/tr\/wp-json\/wp\/v2\/media\/2098"}],"wp:attachment":[{"href":"https:\/\/www.intothesquare.org\/tr\/wp-json\/wp\/v2\/media?parent=2097"}],"wp:term":[{"taxonomy":"category","embeddable":true,"href":"https:\/\/www.intothesquare.org\/tr\/wp-json\/wp\/v2\/categories?post=2097"},{"taxonomy":"post_tag","embeddable":true,"href":"https:\/\/www.intothesquare.org\/tr\/wp-json\/wp\/v2\/tags?post=2097"}],"curies":[{"name":"wp","href":"https:\/\/api.w.org\/{rel}","templated":true}]}}