{"id":2124,"date":"2020-02-03T23:02:49","date_gmt":"2020-02-03T21:02:49","guid":{"rendered":"http:\/\/www.intothesquare.org\/?p=2124"},"modified":"2024-04-26T22:30:18","modified_gmt":"2024-04-26T19:30:18","slug":"trg-sveti-nikole-from-perast-montenegro","status":"publish","type":"post","link":"https:\/\/www.intothesquare.org\/tr\/2020\/european-squares\/trg-sveti-nikole-from-perast-montenegro\/","title":{"rendered":"Perast, Karada\u011f, Trg Sveti Nikole"},"content":{"rendered":"\n<figure class=\"wp-block-gallery columns-3 is-cropped wp-block-gallery-1 is-layout-flex wp-block-gallery-is-layout-flex\"><ul class=\"blocks-gallery-grid\"><li class=\"blocks-gallery-item\"><figure><img loading=\"lazy\" decoding=\"async\" width=\"1024\" height=\"576\" src=\"https:\/\/www.intothesquare.org\/wp-content\/uploads\/2020\/02\/076-1024x576.jpg\" alt=\"\" data-id=\"2127\" data-full-url=\"https:\/\/www.intothesquare.org\/wp-content\/uploads\/2020\/02\/076.jpg\" data-link=\"https:\/\/www.intothesquare.org\/2020\/european-squares\/trg-sveti-nikole-from-perast-montenegro\/attachment\/dcim100mediadji_0009-jpg\/\" class=\"wp-image-2127\" srcset=\"https:\/\/www.intothesquare.org\/wp-content\/uploads\/2020\/02\/076-1024x576.jpg 1024w, https:\/\/www.intothesquare.org\/wp-content\/uploads\/2020\/02\/076-300x169.jpg 300w, https:\/\/www.intothesquare.org\/wp-content\/uploads\/2020\/02\/076-768x432.jpg 768w, https:\/\/www.intothesquare.org\/wp-content\/uploads\/2020\/02\/076.jpg 1296w\" sizes=\"auto, (max-width: 1024px) 100vw, 1024px\" \/><\/figure><\/li><li class=\"blocks-gallery-item\"><figure><img loading=\"lazy\" decoding=\"async\" width=\"1024\" height=\"576\" src=\"https:\/\/www.intothesquare.org\/wp-content\/uploads\/2020\/02\/077-1024x576.jpg\" alt=\"\" data-id=\"2128\" data-full-url=\"https:\/\/www.intothesquare.org\/wp-content\/uploads\/2020\/02\/077.jpg\" data-link=\"https:\/\/www.intothesquare.org\/2020\/european-squares\/trg-sveti-nikole-from-perast-montenegro\/attachment\/dcim100mediadji_0083-jpg\/\" class=\"wp-image-2128\" srcset=\"https:\/\/www.intothesquare.org\/wp-content\/uploads\/2020\/02\/077-1024x576.jpg 1024w, https:\/\/www.intothesquare.org\/wp-content\/uploads\/2020\/02\/077-300x169.jpg 300w, https:\/\/www.intothesquare.org\/wp-content\/uploads\/2020\/02\/077-768x432.jpg 768w, https:\/\/www.intothesquare.org\/wp-content\/uploads\/2020\/02\/077.jpg 1296w\" sizes=\"auto, (max-width: 1024px) 100vw, 1024px\" \/><\/figure><\/li><li class=\"blocks-gallery-item\"><figure><img loading=\"lazy\" decoding=\"async\" width=\"1024\" height=\"619\" src=\"https:\/\/www.intothesquare.org\/wp-content\/uploads\/2020\/02\/083-1024x619.jpg\" alt=\"\" data-id=\"2129\" data-full-url=\"https:\/\/www.intothesquare.org\/wp-content\/uploads\/2020\/02\/083.jpg\" data-link=\"https:\/\/www.intothesquare.org\/2020\/european-squares\/trg-sveti-nikole-from-perast-montenegro\/attachment\/083\/\" class=\"wp-image-2129\" srcset=\"https:\/\/www.intothesquare.org\/wp-content\/uploads\/2020\/02\/083-1024x619.jpg 1024w, https:\/\/www.intothesquare.org\/wp-content\/uploads\/2020\/02\/083-300x181.jpg 300w, https:\/\/www.intothesquare.org\/wp-content\/uploads\/2020\/02\/083-768x464.jpg 768w, https:\/\/www.intothesquare.org\/wp-content\/uploads\/2020\/02\/083.jpg 1296w\" sizes=\"auto, (max-width: 1024px) 100vw, 1024px\" \/><\/figure><\/li><\/ul><\/figure>\n\n\n\n<p>Kentsel yap\u0131, kentin en \u00fcst d\u00fczey ekonomik geli\u015fimde bulundu\u011fu, Venediklilerin alt\u0131ndaki d\u00f6nemine dayanmaktad\u0131r. Bir\u00e7ok k\u0131y\u0131 kentinde oldu\u011fu gibi,&nbsp; meydan ayni zamanda bir limand\u0131r. Burada, bat\u0131 taraf\u0131nda belediye binas\u0131, do\u011fu taraf\u0131nda ise borsa bulunmaktad\u0131r. Kuzey taraf\u0131ndaki Aziz Nikolaos Kilisesi, Adriyatik k\u0131y\u0131s\u0131n\u0131n en y\u00fcksek \u00e7an kulesine sahiptir. \u201cBalota\u201d olarak adland\u0131r\u0131lan bir ta\u015f, liman-meydan\u0131n\u0131n sonunu ve kilisenin meydan\u0131n\u0131n ba\u015flad\u0131\u011f\u0131 yeri g\u00f6sterir, ayn\u0131 zamanda mekan\u0131n yap\u0131land\u0131r\u0131lmas\u0131n\u0131n toplum i\u00e7in \u00e7ok \u00f6nemli oldu\u011funu kan\u0131tlamaktad\u0131r.<\/p>\n\n\n\n<figure class=\"wp-block-image size-large\"><img loading=\"lazy\" decoding=\"async\" width=\"1024\" height=\"683\" src=\"https:\/\/www.intothesquare.org\/wp-content\/uploads\/2020\/02\/078-1024x683.jpg\" alt=\"\" class=\"wp-image-2130\" srcset=\"https:\/\/www.intothesquare.org\/wp-content\/uploads\/2020\/02\/078-1024x683.jpg 1024w, https:\/\/www.intothesquare.org\/wp-content\/uploads\/2020\/02\/078-300x200.jpg 300w, https:\/\/www.intothesquare.org\/wp-content\/uploads\/2020\/02\/078-768x512.jpg 768w, https:\/\/www.intothesquare.org\/wp-content\/uploads\/2020\/02\/078.jpg 1296w\" sizes=\"auto, (max-width: 1024px) 100vw, 1024px\" \/><\/figure>\n","protected":false},"excerpt":{"rendered":"<p>Kentsel yap\u0131, kentin en \u00fcst d\u00fczey ekonomik geli\u015fimde bulundu\u011fu, Venediklilerin alt\u0131ndaki d\u00f6nemine dayanmaktad\u0131r. Bir\u00e7ok k\u0131y\u0131 kentinde oldu\u011fu gibi,&nbsp; meydan ayni zamanda bir limand\u0131r. Burada, bat\u0131 taraf\u0131nda belediye binas\u0131, do\u011fu taraf\u0131nda ise borsa bulunmaktad\u0131r. Kuzey taraf\u0131ndaki Aziz Nikolaos Kilisesi, Adriyatik k\u0131y\u0131s\u0131n\u0131n en y\u00fcksek \u00e7an kulesine sahiptir. \u201cBalota\u201d olarak adland\u0131r\u0131lan bir ta\u015f, liman-meydan\u0131n\u0131n sonunu ve kilisenin meydan\u0131n\u0131n &hellip; <a href=\"https:\/\/www.intothesquare.org\/tr\/2020\/european-squares\/trg-sveti-nikole-from-perast-montenegro\/\" class=\"more-link\">Continue reading <span class=\"screen-reader-text\">Perast, Karada\u011f, Trg Sveti Nikole<\/span><\/a><\/p>\n","protected":false},"author":3,"featured_media":2126,"comment_status":"closed","ping_status":"closed","sticky":false,"template":"","format":"standard","meta":{"footnotes":""},"categories":[14],"tags":[149,145,148,147,146,150],"class_list":["post-2124","post","type-post","status-publish","format-standard","has-post-thumbnail","hentry","category-european-squares","tag-az","tag-en","tag-ge","tag-gr","tag-ro","tag-tr"],"translation":{"provider":"WPGlobus","version":"3.0.0","language":"tr","enabled_languages":["en","tr","ro","es","it","gr","az","pl","ge","pt"],"languages":{"en":{"title":true,"content":true,"excerpt":false},"tr":{"title":true,"content":true,"excerpt":false},"ro":{"title":true,"content":true,"excerpt":false},"es":{"title":false,"content":false,"excerpt":false},"it":{"title":false,"content":false,"excerpt":false},"gr":{"title":true,"content":true,"excerpt":false},"az":{"title":true,"content":true,"excerpt":false},"pl":{"title":false,"content":false,"excerpt":false},"ge":{"title":true,"content":true,"excerpt":false},"pt":{"title":false,"content":false,"excerpt":false}}},"_links":{"self":[{"href":"https:\/\/www.intothesquare.org\/tr\/wp-json\/wp\/v2\/posts\/2124","targetHints":{"allow":["GET"]}}],"collection":[{"href":"https:\/\/www.intothesquare.org\/tr\/wp-json\/wp\/v2\/posts"}],"about":[{"href":"https:\/\/www.intothesquare.org\/tr\/wp-json\/wp\/v2\/types\/post"}],"author":[{"embeddable":true,"href":"https:\/\/www.intothesquare.org\/tr\/wp-json\/wp\/v2\/users\/3"}],"replies":[{"embeddable":true,"href":"https:\/\/www.intothesquare.org\/tr\/wp-json\/wp\/v2\/comments?post=2124"}],"version-history":[{"count":0,"href":"https:\/\/www.intothesquare.org\/tr\/wp-json\/wp\/v2\/posts\/2124\/revisions"}],"wp:featuredmedia":[{"embeddable":true,"href":"https:\/\/www.intothesquare.org\/tr\/wp-json\/wp\/v2\/media\/2126"}],"wp:attachment":[{"href":"https:\/\/www.intothesquare.org\/tr\/wp-json\/wp\/v2\/media?parent=2124"}],"wp:term":[{"taxonomy":"category","embeddable":true,"href":"https:\/\/www.intothesquare.org\/tr\/wp-json\/wp\/v2\/categories?post=2124"},{"taxonomy":"post_tag","embeddable":true,"href":"https:\/\/www.intothesquare.org\/tr\/wp-json\/wp\/v2\/tags?post=2124"}],"curies":[{"name":"wp","href":"https:\/\/api.w.org\/{rel}","templated":true}]}}