{"id":2133,"date":"2020-02-03T23:07:59","date_gmt":"2020-02-03T21:07:59","guid":{"rendered":"http:\/\/www.intothesquare.org\/?p=2133"},"modified":"2024-04-26T22:29:39","modified_gmt":"2024-04-26T19:29:39","slug":"cearshia-from-krusevo-republic-of-north-macedonia","status":"publish","type":"post","link":"https:\/\/www.intothesquare.org\/tr\/2020\/european-squares\/cearshia-from-krusevo-republic-of-north-macedonia\/","title":{"rendered":"Kru\u0161evo, Makedonya, Cearshia"},"content":{"rendered":"\n<p>Kru\u015fevo, Aromence Cru\u015fova olarak bilinen, Bushova Da\u011f\u0131&#8217;nda bulunmaktad\u0131r ve t\u00fcm Balkan Yar\u0131madas\u0131&#8217;n\u0131n en y\u00fcksek \u015fehridir. Mimari, Avrupa ve Ortado\u011fu\u2019nun kar\u0131\u015f\u0131m\u0131d\u0131r, ilgin\u00e7 ve atipiktir. \u015eehir, T\u00fcrkler Macedo\u2019yu yakt\u0131ktan sonra buraya gelen zengin Aromen m\u00fclteciler ve ev yap\u0131m\u0131nda \u00e7ok yetenekli olan Mijak grubundaki Slavlar taraf\u0131ndan kurulmu\u015ftur.<\/p>\n\n\n\n<p>Merkez pazar farkl\u0131 geleneklerle \u00f6rt\u00fc\u015f\u00fcyor. Ad\u0131, bir T\u00fcrk kelimesinden geliyor ve anlam\u0131 merkezdir. Mekan\u0131n organizasyonunda Avrupa unsurlar\u0131n\u0131 da i\u00e7ermektedir, \u00e7\u00fcnk\u00fc b\u00fcy\u00fck Avrupa ba\u015fkentleri buradaki zengin t\u00fcccarlarla a\u015fina olmu\u015ftur.<\/p>\n\n\n\n<figure class=\"wp-block-gallery columns-2 is-cropped wp-block-gallery-1 is-layout-flex wp-block-gallery-is-layout-flex\"><ul class=\"blocks-gallery-grid\"><li class=\"blocks-gallery-item\"><figure><img loading=\"lazy\" decoding=\"async\" width=\"1296\" height=\"864\" src=\"https:\/\/i0.wp.com\/www.intothesquare.org\/wp-content\/uploads\/2020\/02\/037.jpg?fit=660%2C440\" alt=\"\" data-id=\"2136\" data-link=\"https:\/\/www.intothesquare.org\/?attachment_id=2136\" class=\"wp-image-2136\" srcset=\"https:\/\/www.intothesquare.org\/wp-content\/uploads\/2020\/02\/037.jpg 1296w, https:\/\/www.intothesquare.org\/wp-content\/uploads\/2020\/02\/037-300x200.jpg 300w, https:\/\/www.intothesquare.org\/wp-content\/uploads\/2020\/02\/037-1024x683.jpg 1024w, https:\/\/www.intothesquare.org\/wp-content\/uploads\/2020\/02\/037-768x512.jpg 768w\" sizes=\"auto, (max-width: 1296px) 100vw, 1296px\" \/><\/figure><\/li><li class=\"blocks-gallery-item\"><figure><img loading=\"lazy\" decoding=\"async\" width=\"1296\" height=\"864\" src=\"https:\/\/i1.wp.com\/www.intothesquare.org\/wp-content\/uploads\/2020\/02\/045.jpg?fit=660%2C440\" alt=\"\" data-id=\"2137\" data-full-url=\"https:\/\/i1.wp.com\/www.intothesquare.org\/wp-content\/uploads\/2020\/02\/045.jpg?fit=1296%2C864\" data-link=\"https:\/\/www.intothesquare.org\/?attachment_id=2137\" class=\"wp-image-2137\" srcset=\"https:\/\/www.intothesquare.org\/wp-content\/uploads\/2020\/02\/045.jpg 1296w, https:\/\/www.intothesquare.org\/wp-content\/uploads\/2020\/02\/045-300x200.jpg 300w, https:\/\/www.intothesquare.org\/wp-content\/uploads\/2020\/02\/045-1024x683.jpg 1024w, https:\/\/www.intothesquare.org\/wp-content\/uploads\/2020\/02\/045-768x512.jpg 768w\" sizes=\"auto, (max-width: 1296px) 100vw, 1296px\" \/><\/figure><\/li><\/ul><\/figure>\n","protected":false},"excerpt":{"rendered":"<p>Kru\u015fevo, Aromence Cru\u015fova olarak bilinen, Bushova Da\u011f\u0131&#8217;nda bulunmaktad\u0131r ve t\u00fcm Balkan Yar\u0131madas\u0131&#8217;n\u0131n en y\u00fcksek \u015fehridir. Mimari, Avrupa ve Ortado\u011fu\u2019nun kar\u0131\u015f\u0131m\u0131d\u0131r, ilgin\u00e7 ve atipiktir. \u015eehir, T\u00fcrkler Macedo\u2019yu yakt\u0131ktan sonra buraya gelen zengin Aromen m\u00fclteciler ve ev yap\u0131m\u0131nda \u00e7ok yetenekli olan Mijak grubundaki Slavlar taraf\u0131ndan kurulmu\u015ftur. Merkez pazar farkl\u0131 geleneklerle \u00f6rt\u00fc\u015f\u00fcyor. Ad\u0131, bir T\u00fcrk kelimesinden geliyor ve &hellip; <a href=\"https:\/\/www.intothesquare.org\/tr\/2020\/european-squares\/cearshia-from-krusevo-republic-of-north-macedonia\/\" class=\"more-link\">Continue reading <span class=\"screen-reader-text\">Kru\u0161evo, Makedonya, Cearshia<\/span><\/a><\/p>\n","protected":false},"author":3,"featured_media":2134,"comment_status":"closed","ping_status":"closed","sticky":false,"template":"","format":"standard","meta":{"footnotes":""},"categories":[14],"tags":[149,145,148,147,146,150],"class_list":["post-2133","post","type-post","status-publish","format-standard","has-post-thumbnail","hentry","category-european-squares","tag-az","tag-en","tag-ge","tag-gr","tag-ro","tag-tr"],"translation":{"provider":"WPGlobus","version":"3.0.0","language":"tr","enabled_languages":["en","tr","ro","es","it","gr","az","pl","ge","pt"],"languages":{"en":{"title":true,"content":true,"excerpt":false},"tr":{"title":true,"content":true,"excerpt":false},"ro":{"title":true,"content":true,"excerpt":false},"es":{"title":false,"content":false,"excerpt":false},"it":{"title":false,"content":false,"excerpt":false},"gr":{"title":true,"content":true,"excerpt":false},"az":{"title":true,"content":true,"excerpt":false},"pl":{"title":false,"content":false,"excerpt":false},"ge":{"title":true,"content":true,"excerpt":false},"pt":{"title":false,"content":false,"excerpt":false}}},"_links":{"self":[{"href":"https:\/\/www.intothesquare.org\/tr\/wp-json\/wp\/v2\/posts\/2133","targetHints":{"allow":["GET"]}}],"collection":[{"href":"https:\/\/www.intothesquare.org\/tr\/wp-json\/wp\/v2\/posts"}],"about":[{"href":"https:\/\/www.intothesquare.org\/tr\/wp-json\/wp\/v2\/types\/post"}],"author":[{"embeddable":true,"href":"https:\/\/www.intothesquare.org\/tr\/wp-json\/wp\/v2\/users\/3"}],"replies":[{"embeddable":true,"href":"https:\/\/www.intothesquare.org\/tr\/wp-json\/wp\/v2\/comments?post=2133"}],"version-history":[{"count":0,"href":"https:\/\/www.intothesquare.org\/tr\/wp-json\/wp\/v2\/posts\/2133\/revisions"}],"wp:featuredmedia":[{"embeddable":true,"href":"https:\/\/www.intothesquare.org\/tr\/wp-json\/wp\/v2\/media\/2134"}],"wp:attachment":[{"href":"https:\/\/www.intothesquare.org\/tr\/wp-json\/wp\/v2\/media?parent=2133"}],"wp:term":[{"taxonomy":"category","embeddable":true,"href":"https:\/\/www.intothesquare.org\/tr\/wp-json\/wp\/v2\/categories?post=2133"},{"taxonomy":"post_tag","embeddable":true,"href":"https:\/\/www.intothesquare.org\/tr\/wp-json\/wp\/v2\/tags?post=2133"}],"curies":[{"name":"wp","href":"https:\/\/api.w.org\/{rel}","templated":true}]}}