{"id":2142,"date":"2020-02-03T23:14:19","date_gmt":"2020-02-03T21:14:19","guid":{"rendered":"http:\/\/www.intothesquare.org\/?p=2142"},"modified":"2024-04-26T22:28:53","modified_gmt":"2024-04-26T19:28:53","slug":"republic-namesti-miru-and-horni-namesti-from-slavonice-czech-republic","status":"publish","type":"post","link":"https:\/\/www.intothesquare.org\/tr\/2020\/european-squares\/republic-namesti-miru-and-horni-namesti-from-slavonice-czech-republic\/","title":{"rendered":"Slavonice, \u00c7ek Cumhuriyeti, N\u00e1m\u011bst\u00ed M\u00edru, Horn\u00ed n\u00e1m\u011bst\u00ed"},"content":{"rendered":"\n<figure class=\"wp-block-gallery columns-5 is-cropped wp-block-gallery-1 is-layout-flex wp-block-gallery-is-layout-flex\"><ul class=\"blocks-gallery-grid\"><li class=\"blocks-gallery-item\"><figure><img loading=\"lazy\" decoding=\"async\" width=\"730\" height=\"1024\" src=\"https:\/\/www.intothesquare.org\/wp-content\/uploads\/2020\/02\/109-730x1024.jpg\" alt=\"\" data-id=\"2150\" data-full-url=\"https:\/\/www.intothesquare.org\/wp-content\/uploads\/2020\/02\/109.jpg\" data-link=\"https:\/\/www.intothesquare.org\/2020\/uncategorized\/republic-namesti-miru-and-horni-namesti-from-slavonice-czech-republic\/attachment\/109\/\" class=\"wp-image-2150\" srcset=\"https:\/\/www.intothesquare.org\/wp-content\/uploads\/2020\/02\/109-730x1024.jpg 730w, https:\/\/www.intothesquare.org\/wp-content\/uploads\/2020\/02\/109-214x300.jpg 214w, https:\/\/www.intothesquare.org\/wp-content\/uploads\/2020\/02\/109-768x1077.jpg 768w, https:\/\/www.intothesquare.org\/wp-content\/uploads\/2020\/02\/109.jpg 1027w\" sizes=\"auto, (max-width: 730px) 100vw, 730px\" \/><\/figure><\/li><li class=\"blocks-gallery-item\"><figure><img loading=\"lazy\" decoding=\"async\" width=\"1024\" height=\"683\" src=\"https:\/\/www.intothesquare.org\/wp-content\/uploads\/2020\/02\/114-1024x683.jpg\" alt=\"\" data-id=\"2149\" data-full-url=\"https:\/\/www.intothesquare.org\/wp-content\/uploads\/2020\/02\/114.jpg\" data-link=\"https:\/\/www.intothesquare.org\/2020\/uncategorized\/republic-namesti-miru-and-horni-namesti-from-slavonice-czech-republic\/attachment\/114\/\" class=\"wp-image-2149\" srcset=\"https:\/\/www.intothesquare.org\/wp-content\/uploads\/2020\/02\/114-1024x683.jpg 1024w, https:\/\/www.intothesquare.org\/wp-content\/uploads\/2020\/02\/114-300x200.jpg 300w, https:\/\/www.intothesquare.org\/wp-content\/uploads\/2020\/02\/114-768x512.jpg 768w, https:\/\/www.intothesquare.org\/wp-content\/uploads\/2020\/02\/114.jpg 1296w\" sizes=\"auto, (max-width: 1024px) 100vw, 1024px\" \/><\/figure><\/li><li class=\"blocks-gallery-item\"><figure><img loading=\"lazy\" decoding=\"async\" width=\"1024\" height=\"683\" src=\"https:\/\/www.intothesquare.org\/wp-content\/uploads\/2020\/02\/113-1024x683.jpg\" alt=\"\" data-id=\"2148\" data-full-url=\"https:\/\/www.intothesquare.org\/wp-content\/uploads\/2020\/02\/113.jpg\" data-link=\"https:\/\/www.intothesquare.org\/2020\/uncategorized\/republic-namesti-miru-and-horni-namesti-from-slavonice-czech-republic\/attachment\/113\/\" class=\"wp-image-2148\" srcset=\"https:\/\/www.intothesquare.org\/wp-content\/uploads\/2020\/02\/113-1024x683.jpg 1024w, https:\/\/www.intothesquare.org\/wp-content\/uploads\/2020\/02\/113-300x200.jpg 300w, https:\/\/www.intothesquare.org\/wp-content\/uploads\/2020\/02\/113-768x512.jpg 768w, https:\/\/www.intothesquare.org\/wp-content\/uploads\/2020\/02\/113.jpg 1296w\" sizes=\"auto, (max-width: 1024px) 100vw, 1024px\" \/><\/figure><\/li><li class=\"blocks-gallery-item\"><figure><img loading=\"lazy\" decoding=\"async\" width=\"1024\" height=\"683\" src=\"https:\/\/www.intothesquare.org\/wp-content\/uploads\/2020\/02\/112-1024x683.jpg\" alt=\"\" data-id=\"2147\" data-full-url=\"https:\/\/www.intothesquare.org\/wp-content\/uploads\/2020\/02\/112.jpg\" data-link=\"https:\/\/www.intothesquare.org\/2020\/uncategorized\/republic-namesti-miru-and-horni-namesti-from-slavonice-czech-republic\/attachment\/112\/\" class=\"wp-image-2147\" srcset=\"https:\/\/www.intothesquare.org\/wp-content\/uploads\/2020\/02\/112-1024x683.jpg 1024w, https:\/\/www.intothesquare.org\/wp-content\/uploads\/2020\/02\/112-300x200.jpg 300w, https:\/\/www.intothesquare.org\/wp-content\/uploads\/2020\/02\/112-768x512.jpg 768w, https:\/\/www.intothesquare.org\/wp-content\/uploads\/2020\/02\/112.jpg 1296w\" sizes=\"auto, (max-width: 1024px) 100vw, 1024px\" \/><\/figure><\/li><li class=\"blocks-gallery-item\"><figure><img loading=\"lazy\" decoding=\"async\" width=\"683\" height=\"1024\" src=\"https:\/\/www.intothesquare.org\/wp-content\/uploads\/2020\/02\/110-683x1024.jpg\" alt=\"\" data-id=\"2145\" data-full-url=\"https:\/\/www.intothesquare.org\/wp-content\/uploads\/2020\/02\/110.jpg\" data-link=\"https:\/\/www.intothesquare.org\/2020\/uncategorized\/republic-namesti-miru-and-horni-namesti-from-slavonice-czech-republic\/attachment\/110\/\" class=\"wp-image-2145\" srcset=\"https:\/\/www.intothesquare.org\/wp-content\/uploads\/2020\/02\/110-683x1024.jpg 683w, https:\/\/www.intothesquare.org\/wp-content\/uploads\/2020\/02\/110-200x300.jpg 200w, https:\/\/www.intothesquare.org\/wp-content\/uploads\/2020\/02\/110-768x1152.jpg 768w, https:\/\/www.intothesquare.org\/wp-content\/uploads\/2020\/02\/110-1024x1536.jpg 1024w, https:\/\/www.intothesquare.org\/wp-content\/uploads\/2020\/02\/110.jpg 1296w\" sizes=\"auto, (max-width: 683px) 100vw, 683px\" \/><\/figure><\/li><li class=\"blocks-gallery-item\"><figure><img loading=\"lazy\" decoding=\"async\" width=\"1024\" height=\"729\" src=\"https:\/\/www.intothesquare.org\/wp-content\/uploads\/2020\/02\/111-1024x729.jpg\" alt=\"\" data-id=\"2146\" data-full-url=\"https:\/\/www.intothesquare.org\/wp-content\/uploads\/2020\/02\/111.jpg\" data-link=\"https:\/\/www.intothesquare.org\/2020\/uncategorized\/republic-namesti-miru-and-horni-namesti-from-slavonice-czech-republic\/attachment\/111\/\" class=\"wp-image-2146\" srcset=\"https:\/\/www.intothesquare.org\/wp-content\/uploads\/2020\/02\/111-1024x729.jpg 1024w, https:\/\/www.intothesquare.org\/wp-content\/uploads\/2020\/02\/111-300x214.jpg 300w, https:\/\/www.intothesquare.org\/wp-content\/uploads\/2020\/02\/111-768x547.jpg 768w, https:\/\/www.intothesquare.org\/wp-content\/uploads\/2020\/02\/111.jpg 1296w\" sizes=\"auto, (max-width: 1024px) 100vw, 1024px\" \/><\/figure><\/li><\/ul><\/figure>\n\n\n\n<p>\u0130lk olarak 1260 y\u0131l\u0131nda tasvir edilen ve Almanca Zlabings olarak bilinen ismiyle, Slavonice Avusturya s\u0131n\u0131r\u0131ndan bir kilometre uzakta bulunmaktad\u0131r. Co\u011frafi konumu, mimarisini korumak i\u00e7in b\u00fcy\u00fck bir \u015fanst\u0131r. 1945 y\u0131l\u0131nda Alman n\u00fcfusunun s\u0131n\u0131r d\u0131\u015f\u0131 edilmesinden sonra, s\u0131n\u0131rlara \u00e7ok yak\u0131n olan \u015fehir otoriteler taraf\u0131ndan \u00f6ylece b\u0131rak\u0131lmaktad\u0131r ve hi\u00e7bir sosyalist binas\u0131 in\u015fa edilmemektedir. Son y\u0131llarda, yenilenmi\u015f ve sanatsal bir koloniye d\u00f6n\u00fc\u015ft\u00fcr\u00fclm\u00fc\u015ft\u00fcr. Daha \u00f6nceki zamanlarda, on d\u00f6rd\u00fcnc\u00fc ve on yedinci y\u00fczy\u0131llar aras\u0131nda b\u00fcy\u00fck bir ekonomik geli\u015fmeden sonra, R\u00f6nesans mimarisini ve ba\u015flang\u0131\u00e7 plan\u0131n\u0131 korumas\u0131na ve o geli\u015fim a\u015famas\u0131nda kalmas\u0131n\u0131 sa\u011flayan bir di\u011fer \u015fans\u0131, Prag&#8217;\u0131 Viyana&#8217;ya ba\u011flayan ticari rotadan \u015fehri \u00e7\u0131karmakt\u0131. \u015eehir plan\u0131 atipiktir ve birbiriyle ba\u011flant\u0131l\u0131 iki meydanla s\u0131n\u0131rl\u0131d\u0131r. \u00dc\u00e7gen \u015feklindeki Bar\u0131\u015f Meydan\u0131 ve d\u00fcz uzun olan Yukar\u0131 Meydan\u0131n odak noktas\u0131, etraf\u0131 evlerle \u00e7evrili kilise binas\u0131d\u0131r. Ge\u00e7 Gotik ve R\u00f6nesans d\u00f6neminden kalma binalar\u0131n\u0131n b\u00fcy\u00fck bir k\u0131sm\u0131 sa\u011flamd\u0131r ve bir \u00e7o\u011funun cephesi \u00f6zel bir <em>sgraffito<\/em> tipi ile dekore edilmi\u015ftir.<\/p>\n\n\n\n<figure class=\"wp-block-image size-large\"><img loading=\"lazy\" decoding=\"async\" width=\"1024\" height=\"634\" src=\"https:\/\/www.intothesquare.org\/wp-content\/uploads\/2020\/02\/115-1024x634.jpg\" alt=\"\" class=\"wp-image-2144\" srcset=\"https:\/\/www.intothesquare.org\/wp-content\/uploads\/2020\/02\/115-1024x634.jpg 1024w, https:\/\/www.intothesquare.org\/wp-content\/uploads\/2020\/02\/115-300x186.jpg 300w, https:\/\/www.intothesquare.org\/wp-content\/uploads\/2020\/02\/115-768x475.jpg 768w, https:\/\/www.intothesquare.org\/wp-content\/uploads\/2020\/02\/115-825x510.jpg 825w, https:\/\/www.intothesquare.org\/wp-content\/uploads\/2020\/02\/115.jpg 1296w\" sizes=\"auto, (max-width: 1024px) 100vw, 1024px\" \/><\/figure>\n","protected":false},"excerpt":{"rendered":"<p>\u0130lk olarak 1260 y\u0131l\u0131nda tasvir edilen ve Almanca Zlabings olarak bilinen ismiyle, Slavonice Avusturya s\u0131n\u0131r\u0131ndan bir kilometre uzakta bulunmaktad\u0131r. Co\u011frafi konumu, mimarisini korumak i\u00e7in b\u00fcy\u00fck bir \u015fanst\u0131r. 1945 y\u0131l\u0131nda Alman n\u00fcfusunun s\u0131n\u0131r d\u0131\u015f\u0131 edilmesinden sonra, s\u0131n\u0131rlara \u00e7ok yak\u0131n olan \u015fehir otoriteler taraf\u0131ndan \u00f6ylece b\u0131rak\u0131lmaktad\u0131r ve hi\u00e7bir sosyalist binas\u0131 in\u015fa edilmemektedir. Son y\u0131llarda, yenilenmi\u015f ve sanatsal &hellip; <a href=\"https:\/\/www.intothesquare.org\/tr\/2020\/european-squares\/republic-namesti-miru-and-horni-namesti-from-slavonice-czech-republic\/\" class=\"more-link\">Continue reading <span class=\"screen-reader-text\">Slavonice, \u00c7ek Cumhuriyeti, N\u00e1m\u011bst\u00ed M\u00edru, Horn\u00ed n\u00e1m\u011bst\u00ed<\/span><\/a><\/p>\n","protected":false},"author":3,"featured_media":2144,"comment_status":"closed","ping_status":"closed","sticky":false,"template":"","format":"standard","meta":{"footnotes":""},"categories":[14],"tags":[149,145,148,147,146,150],"class_list":["post-2142","post","type-post","status-publish","format-standard","has-post-thumbnail","hentry","category-european-squares","tag-az","tag-en","tag-ge","tag-gr","tag-ro","tag-tr"],"translation":{"provider":"WPGlobus","version":"3.0.0","language":"tr","enabled_languages":["en","tr","ro","es","it","gr","az","pl","ge","pt"],"languages":{"en":{"title":true,"content":true,"excerpt":false},"tr":{"title":true,"content":true,"excerpt":false},"ro":{"title":true,"content":true,"excerpt":false},"es":{"title":false,"content":false,"excerpt":false},"it":{"title":false,"content":false,"excerpt":false},"gr":{"title":true,"content":true,"excerpt":false},"az":{"title":true,"content":true,"excerpt":false},"pl":{"title":false,"content":false,"excerpt":false},"ge":{"title":true,"content":true,"excerpt":false},"pt":{"title":false,"content":false,"excerpt":false}}},"_links":{"self":[{"href":"https:\/\/www.intothesquare.org\/tr\/wp-json\/wp\/v2\/posts\/2142","targetHints":{"allow":["GET"]}}],"collection":[{"href":"https:\/\/www.intothesquare.org\/tr\/wp-json\/wp\/v2\/posts"}],"about":[{"href":"https:\/\/www.intothesquare.org\/tr\/wp-json\/wp\/v2\/types\/post"}],"author":[{"embeddable":true,"href":"https:\/\/www.intothesquare.org\/tr\/wp-json\/wp\/v2\/users\/3"}],"replies":[{"embeddable":true,"href":"https:\/\/www.intothesquare.org\/tr\/wp-json\/wp\/v2\/comments?post=2142"}],"version-history":[{"count":0,"href":"https:\/\/www.intothesquare.org\/tr\/wp-json\/wp\/v2\/posts\/2142\/revisions"}],"wp:featuredmedia":[{"embeddable":true,"href":"https:\/\/www.intothesquare.org\/tr\/wp-json\/wp\/v2\/media\/2144"}],"wp:attachment":[{"href":"https:\/\/www.intothesquare.org\/tr\/wp-json\/wp\/v2\/media?parent=2142"}],"wp:term":[{"taxonomy":"category","embeddable":true,"href":"https:\/\/www.intothesquare.org\/tr\/wp-json\/wp\/v2\/categories?post=2142"},{"taxonomy":"post_tag","embeddable":true,"href":"https:\/\/www.intothesquare.org\/tr\/wp-json\/wp\/v2\/tags?post=2142"}],"curies":[{"name":"wp","href":"https:\/\/api.w.org\/{rel}","templated":true}]}}