{"id":254,"date":"2018-02-11T19:16:52","date_gmt":"2018-02-11T17:16:52","guid":{"rendered":"http:\/\/www.intothesquare.org\/?p=254"},"modified":"2025-08-22T22:32:27","modified_gmt":"2025-08-22T19:32:27","slug":"namesti-zachariase-z-hradce-from-telc-czech-republic","status":"publish","type":"post","link":"https:\/\/www.intothesquare.org\/tr\/2018\/european-squares\/namesti-zachariase-z-hradce-from-telc-czech-republic\/","title":{"rendered":"Tel\u010d, \u00c7ek Cumhuriyeti, N\u00e1m\u011bst\u00ed Zachari\u00e1\u0161e z Hradce"},"content":{"rendered":"\n<p>1354 y\u0131l\u0131nda, s\u0131k bir orman\u0131n i\u00e7inde, iki yolun ge\u00e7ti\u011fi ve baz\u0131 sular\u0131n hemen yak\u0131n\u0131nda, Moravya, Bohemya ve Avusturya aras\u0131ndaki s\u0131n\u0131rda kurulmu\u015ftu. Tel\u010d, Almanca Teltsch olarak bilinmektedir ve kurulu\u015fundan iki y\u00fczy\u0131l sonra b\u00fcy\u00fck bir yang\u0131na maruz kalma talihsizli\u011fine sahiptir.&nbsp; Eski plan\u0131 takip edilerek, \u015fehir h\u0131zla yeniden in\u015fa edilmi\u015ftir ancak yap\u0131lar\u0131 stil ve tekniklerinin geli\u015fimindeki de\u011fi\u015fimlere u\u011fram\u0131\u015ft\u0131r. Gotik kale R\u00f6nesans tarz\u0131nda yeniden in\u015fa edilmi\u015ftir ve meydanda bulunan baz\u0131 evlerin mansart \u00e7at\u0131lar\u0131 olu\u015fur ve d\u0131\u015f cepheleri de\u011fi\u015fir; bunlar daha sonra, 18. y\u00fczy\u0131lda rokoko yada barok stilini al\u0131rlar. Fakat zemin kat\u0131ndaki Gotik tarzl\u0131 orta\u00e7a\u011f kemeri hi\u00e7bir de\u011fi\u015fime u\u011framaz. Kesintisizdir, meydandaki b\u00fct\u00fcn evler onunla birle\u015fiktir. \u0130ki kilise daha ve iki \u00e7e\u015fme ile \u00e7evrili Aziz Joan Nepomuk&#8217;a adanan bir veba s\u00fctunu da in\u015fa edilecektir. On sekizinci y\u00fczy\u0131l\u0131n sonlar\u0131na do\u011fru, zaman\u0131n ak\u0131\u015f\u0131 Tel\u010d&#8217;te aniden durur ve g\u00f6rkemli d\u00f6nemi ile ekonomik geli\u015fimi burada sona erer. \u015eehir, sanayile\u015fmeden hi\u00e7bir \u015fekilde etkilenmeden ve sosyalist binalar olmaks\u0131z\u0131n, halk masallar\u0131ndan olu\u015fan bir kitaptan do\u011frudan kopar\u0131lm\u0131\u015f mucize bir \u015fekilde g\u00fcn\u00fcm\u00fcze ula\u015fm\u0131\u015ft\u0131r. \u015eehir haritas\u0131 neredeyse \u00fc\u00e7gen meydan\u0131 ile e\u015fanlaml\u0131d\u0131r, bir ad\u0131m d\u0131\u015far\u0131 Bohemia tepelerinin sar\u0131ms\u0131 kolza alanlar\u0131na g\u00f6t\u00fcr\u00fcr.<\/p>\n\n\n\n<figure class=\"wp-block-gallery columns-4 is-cropped wp-block-gallery-1 is-layout-flex wp-block-gallery-is-layout-flex\"><ul class=\"blocks-gallery-grid\"><li class=\"blocks-gallery-item\"><figure><img loading=\"lazy\" decoding=\"async\" width=\"800\" height=\"465\" src=\"https:\/\/www.intothesquare.org\/wp-content\/uploads\/2018\/02\/DJI_0116.jpg\" alt=\"\" data-id=\"466\" class=\"wp-image-466\" srcset=\"https:\/\/www.intothesquare.org\/wp-content\/uploads\/2018\/02\/DJI_0116.jpg 800w, https:\/\/www.intothesquare.org\/wp-content\/uploads\/2018\/02\/DJI_0116-300x174.jpg 300w, https:\/\/www.intothesquare.org\/wp-content\/uploads\/2018\/02\/DJI_0116-768x446.jpg 768w\" sizes=\"auto, (max-width: 800px) 100vw, 800px\" \/><\/figure><\/li><li class=\"blocks-gallery-item\"><figure><img loading=\"lazy\" decoding=\"async\" width=\"800\" height=\"533\" src=\"https:\/\/www.intothesquare.org\/wp-content\/uploads\/2018\/02\/IMG_0756.jpg\" alt=\"\" data-id=\"467\" class=\"wp-image-467\" srcset=\"https:\/\/www.intothesquare.org\/wp-content\/uploads\/2018\/02\/IMG_0756.jpg 800w, https:\/\/www.intothesquare.org\/wp-content\/uploads\/2018\/02\/IMG_0756-300x200.jpg 300w, https:\/\/www.intothesquare.org\/wp-content\/uploads\/2018\/02\/IMG_0756-768x512.jpg 768w\" sizes=\"auto, (max-width: 800px) 100vw, 800px\" \/><\/figure><\/li><li class=\"blocks-gallery-item\"><figure><img loading=\"lazy\" decoding=\"async\" width=\"800\" height=\"648\" src=\"https:\/\/www.intothesquare.org\/wp-content\/uploads\/2018\/02\/IMG_0762.jpg\" alt=\"\" data-id=\"468\" class=\"wp-image-468\" srcset=\"https:\/\/www.intothesquare.org\/wp-content\/uploads\/2018\/02\/IMG_0762.jpg 800w, https:\/\/www.intothesquare.org\/wp-content\/uploads\/2018\/02\/IMG_0762-300x243.jpg 300w, https:\/\/www.intothesquare.org\/wp-content\/uploads\/2018\/02\/IMG_0762-768x622.jpg 768w\" sizes=\"auto, (max-width: 800px) 100vw, 800px\" \/><\/figure><\/li><li class=\"blocks-gallery-item\"><figure><img loading=\"lazy\" decoding=\"async\" width=\"800\" height=\"533\" src=\"https:\/\/www.intothesquare.org\/wp-content\/uploads\/2018\/02\/IMG_0814.jpg\" alt=\"\" data-id=\"469\" class=\"wp-image-469\" srcset=\"https:\/\/www.intothesquare.org\/wp-content\/uploads\/2018\/02\/IMG_0814.jpg 800w, https:\/\/www.intothesquare.org\/wp-content\/uploads\/2018\/02\/IMG_0814-300x200.jpg 300w, https:\/\/www.intothesquare.org\/wp-content\/uploads\/2018\/02\/IMG_0814-768x512.jpg 768w\" sizes=\"auto, (max-width: 800px) 100vw, 800px\" \/><\/figure><\/li><\/ul><\/figure>\n","protected":false},"excerpt":{"rendered":"<p>1354 y\u0131l\u0131nda, s\u0131k bir orman\u0131n i\u00e7inde, iki yolun ge\u00e7ti\u011fi ve baz\u0131 sular\u0131n hemen yak\u0131n\u0131nda, Moravya, Bohemya ve Avusturya aras\u0131ndaki s\u0131n\u0131rda kurulmu\u015ftu. Tel\u010d, Almanca Teltsch olarak bilinmektedir ve kurulu\u015fundan iki y\u00fczy\u0131l sonra b\u00fcy\u00fck bir yang\u0131na maruz kalma talihsizli\u011fine sahiptir.&nbsp; Eski plan\u0131 takip edilerek, \u015fehir h\u0131zla yeniden in\u015fa edilmi\u015ftir ancak yap\u0131lar\u0131 stil ve tekniklerinin geli\u015fimindeki de\u011fi\u015fimlere u\u011fram\u0131\u015ft\u0131r. &hellip; <a href=\"https:\/\/www.intothesquare.org\/tr\/2018\/european-squares\/namesti-zachariase-z-hradce-from-telc-czech-republic\/\" class=\"more-link\">Continue reading <span class=\"screen-reader-text\">Tel\u010d, \u00c7ek Cumhuriyeti, N\u00e1m\u011bst\u00ed Zachari\u00e1\u0161e z Hradce<\/span><\/a><\/p>\n","protected":false},"author":2,"featured_media":258,"comment_status":"closed","ping_status":"closed","sticky":false,"template":"","format":"image","meta":{"footnotes":""},"categories":[14],"tags":[51,149,45,43,44,145,151,148,147,52,146,49,50,150],"class_list":["post-254","post","type-post","status-publish","format-image","has-post-thumbnail","hentry","category-european-squares","tag-18th-century","tag-az","tag-bohemia","tag-cehia","tag-czech-republic","tag-en","tag-es","tag-ge","tag-gr","tag-neogotic","tag-ro","tag-sec-xiv","tag-sec-xviii","tag-tr","post_format-post-format-image"],"translation":{"provider":"WPGlobus","version":"3.0.0","language":"tr","enabled_languages":["en","tr","ro","es","it","gr","az","pl","ge","pt"],"languages":{"en":{"title":true,"content":true,"excerpt":false},"tr":{"title":true,"content":true,"excerpt":false},"ro":{"title":true,"content":true,"excerpt":false},"es":{"title":true,"content":true,"excerpt":false},"it":{"title":false,"content":false,"excerpt":false},"gr":{"title":true,"content":true,"excerpt":false},"az":{"title":true,"content":true,"excerpt":false},"pl":{"title":false,"content":false,"excerpt":false},"ge":{"title":true,"content":true,"excerpt":false},"pt":{"title":false,"content":false,"excerpt":false}}},"_links":{"self":[{"href":"https:\/\/www.intothesquare.org\/tr\/wp-json\/wp\/v2\/posts\/254","targetHints":{"allow":["GET"]}}],"collection":[{"href":"https:\/\/www.intothesquare.org\/tr\/wp-json\/wp\/v2\/posts"}],"about":[{"href":"https:\/\/www.intothesquare.org\/tr\/wp-json\/wp\/v2\/types\/post"}],"author":[{"embeddable":true,"href":"https:\/\/www.intothesquare.org\/tr\/wp-json\/wp\/v2\/users\/2"}],"replies":[{"embeddable":true,"href":"https:\/\/www.intothesquare.org\/tr\/wp-json\/wp\/v2\/comments?post=254"}],"version-history":[{"count":0,"href":"https:\/\/www.intothesquare.org\/tr\/wp-json\/wp\/v2\/posts\/254\/revisions"}],"wp:featuredmedia":[{"embeddable":true,"href":"https:\/\/www.intothesquare.org\/tr\/wp-json\/wp\/v2\/media\/258"}],"wp:attachment":[{"href":"https:\/\/www.intothesquare.org\/tr\/wp-json\/wp\/v2\/media?parent=254"}],"wp:term":[{"taxonomy":"category","embeddable":true,"href":"https:\/\/www.intothesquare.org\/tr\/wp-json\/wp\/v2\/categories?post=254"},{"taxonomy":"post_tag","embeddable":true,"href":"https:\/\/www.intothesquare.org\/tr\/wp-json\/wp\/v2\/tags?post=254"}],"curies":[{"name":"wp","href":"https:\/\/api.w.org\/{rel}","templated":true}]}}