{"id":2746,"date":"2020-05-08T18:08:42","date_gmt":"2020-05-08T15:08:42","guid":{"rendered":"http:\/\/www.intothesquare.org\/?p=2746"},"modified":"2024-04-26T22:24:23","modified_gmt":"2024-04-26T19:24:23","slug":"ploshcead-sveti-aleksandar-nevski-from-sofia-bulgaria","status":"publish","type":"post","link":"https:\/\/www.intothesquare.org\/tr\/2020\/european-squares\/ploshcead-sveti-aleksandar-nevski-from-sofia-bulgaria\/","title":{"rendered":"Sofia, Bulgaristan, Ploshcead Sveti Aleksandar Nevski"},"content":{"rendered":"\n<p>Bulgaristan ba\u011f\u0131ms\u0131zl\u0131\u011f\u0131n\u0131 kazand\u0131\u011f\u0131 1878 y\u0131l\u0131ndan hemen sonra, Sofya\u2019da muhte\u015fem bir katedral in\u015fa etme planlar\u0131 ba\u015flam\u0131\u015ft\u0131r. Temel ta\u015f 1882 y\u0131l\u0131nda at\u0131lm\u0131\u015ft\u0131r, ancak katedral 20. y\u00fczy\u0131l\u0131n ba\u015flar\u0131nda tamamlanm\u0131\u015ft\u0131r ve Rus askerleri an\u0131s\u0131na Aziz Aleksandr Nevski&#8217;ye adanm\u0131\u015ft\u0131r. Katedralin etraf\u0131nda ilk modern Balkan meydanlar\u0131ndan biri bulunmaktad\u0131r. \u00c7ok b\u00fcy\u00fck bir sembolik y\u00fcke sahip bir aland\u0131r \u00e7\u00fcnk\u00fc burada, boyutu daha k\u00fc\u00e7\u00fck olsa da, \u015fehrin ad\u0131n\u0131 veren Azize Sofya (4. \u2013 6. Y\u00fczy\u0131l) kilisesi bulunmaktad\u0131r.<\/p>\n\n\n\n<figure class=\"wp-block-image size-large\"><img loading=\"lazy\" decoding=\"async\" width=\"1024\" height=\"634\" src=\"https:\/\/www.intothesquare.org\/wp-content\/uploads\/2020\/05\/DJI_0006-1024x634.jpg\" alt=\"\" class=\"wp-image-2747\" srcset=\"https:\/\/www.intothesquare.org\/wp-content\/uploads\/2020\/05\/DJI_0006-1024x634.jpg 1024w, https:\/\/www.intothesquare.org\/wp-content\/uploads\/2020\/05\/DJI_0006-300x186.jpg 300w, https:\/\/www.intothesquare.org\/wp-content\/uploads\/2020\/05\/DJI_0006-768x475.jpg 768w, https:\/\/www.intothesquare.org\/wp-content\/uploads\/2020\/05\/DJI_0006-825x510.jpg 825w, https:\/\/www.intothesquare.org\/wp-content\/uploads\/2020\/05\/DJI_0006.jpg 1296w\" sizes=\"auto, (max-width: 1024px) 100vw, 1024px\" \/><\/figure>\n","protected":false},"excerpt":{"rendered":"<p>Bulgaristan ba\u011f\u0131ms\u0131zl\u0131\u011f\u0131n\u0131 kazand\u0131\u011f\u0131 1878 y\u0131l\u0131ndan hemen sonra, Sofya\u2019da muhte\u015fem bir katedral in\u015fa etme planlar\u0131 ba\u015flam\u0131\u015ft\u0131r. Temel ta\u015f 1882 y\u0131l\u0131nda at\u0131lm\u0131\u015ft\u0131r, ancak katedral 20. y\u00fczy\u0131l\u0131n ba\u015flar\u0131nda tamamlanm\u0131\u015ft\u0131r ve Rus askerleri an\u0131s\u0131na Aziz Aleksandr Nevski&#8217;ye adanm\u0131\u015ft\u0131r. Katedralin etraf\u0131nda ilk modern Balkan meydanlar\u0131ndan biri bulunmaktad\u0131r. \u00c7ok b\u00fcy\u00fck bir sembolik y\u00fcke sahip bir aland\u0131r \u00e7\u00fcnk\u00fc burada, boyutu daha k\u00fc\u00e7\u00fck &hellip; <a href=\"https:\/\/www.intothesquare.org\/tr\/2020\/european-squares\/ploshcead-sveti-aleksandar-nevski-from-sofia-bulgaria\/\" class=\"more-link\">Continue reading <span class=\"screen-reader-text\">Sofia, Bulgaristan, Ploshcead Sveti Aleksandar Nevski<\/span><\/a><\/p>\n","protected":false},"author":3,"featured_media":2747,"comment_status":"closed","ping_status":"closed","sticky":false,"template":"","format":"standard","meta":{"footnotes":""},"categories":[14],"tags":[149,145,148,147,146,150],"class_list":["post-2746","post","type-post","status-publish","format-standard","has-post-thumbnail","hentry","category-european-squares","tag-az","tag-en","tag-ge","tag-gr","tag-ro","tag-tr"],"translation":{"provider":"WPGlobus","version":"3.0.0","language":"tr","enabled_languages":["en","tr","ro","es","it","gr","az","pl","ge","pt"],"languages":{"en":{"title":true,"content":true,"excerpt":false},"tr":{"title":true,"content":true,"excerpt":false},"ro":{"title":true,"content":true,"excerpt":false},"es":{"title":false,"content":false,"excerpt":false},"it":{"title":false,"content":false,"excerpt":false},"gr":{"title":true,"content":true,"excerpt":false},"az":{"title":true,"content":true,"excerpt":false},"pl":{"title":false,"content":false,"excerpt":false},"ge":{"title":true,"content":true,"excerpt":false},"pt":{"title":false,"content":false,"excerpt":false}}},"_links":{"self":[{"href":"https:\/\/www.intothesquare.org\/tr\/wp-json\/wp\/v2\/posts\/2746","targetHints":{"allow":["GET"]}}],"collection":[{"href":"https:\/\/www.intothesquare.org\/tr\/wp-json\/wp\/v2\/posts"}],"about":[{"href":"https:\/\/www.intothesquare.org\/tr\/wp-json\/wp\/v2\/types\/post"}],"author":[{"embeddable":true,"href":"https:\/\/www.intothesquare.org\/tr\/wp-json\/wp\/v2\/users\/3"}],"replies":[{"embeddable":true,"href":"https:\/\/www.intothesquare.org\/tr\/wp-json\/wp\/v2\/comments?post=2746"}],"version-history":[{"count":0,"href":"https:\/\/www.intothesquare.org\/tr\/wp-json\/wp\/v2\/posts\/2746\/revisions"}],"wp:featuredmedia":[{"embeddable":true,"href":"https:\/\/www.intothesquare.org\/tr\/wp-json\/wp\/v2\/media\/2747"}],"wp:attachment":[{"href":"https:\/\/www.intothesquare.org\/tr\/wp-json\/wp\/v2\/media?parent=2746"}],"wp:term":[{"taxonomy":"category","embeddable":true,"href":"https:\/\/www.intothesquare.org\/tr\/wp-json\/wp\/v2\/categories?post=2746"},{"taxonomy":"post_tag","embeddable":true,"href":"https:\/\/www.intothesquare.org\/tr\/wp-json\/wp\/v2\/tags?post=2746"}],"curies":[{"name":"wp","href":"https:\/\/api.w.org\/{rel}","templated":true}]}}