{"id":2799,"date":"2020-05-08T18:49:57","date_gmt":"2020-05-08T15:49:57","guid":{"rendered":"http:\/\/www.intothesquare.org\/?p=2799"},"modified":"2024-04-26T22:21:16","modified_gmt":"2024-04-26T19:21:16","slug":"trg-marafor-and-trg-slobode-from-porec-croatia","status":"publish","type":"post","link":"https:\/\/www.intothesquare.org\/tr\/2020\/european-squares\/trg-marafor-and-trg-slobode-from-porec-croatia\/","title":{"rendered":"Porec, H\u0131rvatistan, Trg Marafor, Trg Slobode"},"content":{"rendered":"\n<p>Trg Marafor\u2019un ad\u0131, Mars ve forumdan gelmektedir. \u0130talyanca\u2019da Parenzo denilen Porec \u015fehrin en b\u00fcy\u00fck meydan\u0131d\u0131r ve yar\u0131madan\u0131n denize do\u011fru olan ucunda bulunmaktad\u0131r. Porec\u2019te, Mars Tanr\u0131s\u0131 i\u00e7in yap\u0131lan ve Adriyatik&#8217;in do\u011fu k\u0131y\u0131s\u0131nda bulunan en b\u00fcy\u00fck Roma tap\u0131na\u011f\u0131n\u0131n baz\u0131 s\u00fctunlar\u0131 g\u00fcn\u00fcm\u00fczdeki meydanda hala g\u00f6r\u00fclebilir. Meydanda, I. y\u00fczy\u0131la ait baz\u0131 orijinal kald\u0131r\u0131m b\u00f6l\u00fcmleri korunmu\u015ftur. \u00c7a\u011fda\u015f \u015fehrin meydan\u0131n en i\u015flek caddesi Decumanus\u2019tur. Roma sisteminde, yeni in\u015faa edilen \u015fehirlerde, do\u011fu-bat\u0131 eksenide bulunan t\u00fcm arterlerine decumanus denilirdi ve decumano maximus bu t\u00fcr\u00fcn ana arterin ad\u0131yd\u0131. Cardo maximus denilen ana kuzey-g\u00fcney arterinin kesi\u015fti\u011fi yere yak\u0131n, for in\u015fa edilirdi. Bir kural olarak, cardo maximus ve decumanus maximus aras\u0131nda, as\u0131l \u00f6nemli rol\u00fc cardoya aitti. Ancak bazen, co\u011frafi nedenlerden dolay\u0131 hiyerar\u015fi tersine d\u00f6nerdi. Porec&#8217;te de tam olarak b\u00f6yle olmu\u015ftur. Duvarlarla \u00e7evrili bu orta\u00e7a\u011f \u015fehri, sokaklar\u0131n\u0131 ve d\u00fczenli yap\u0131s\u0131n\u0131, kendi i\u00e7inde bulunan Roma kamp\u0131n\u0131n \u00fczerine yerle\u015ftirmi\u015ftir. Yar\u0131madan\u0131n di\u011fer ucunda, \u00d6zg\u00fcrl\u00fck Meydan\u0131 ve daha k\u00fc\u00e7\u00fck fakat daha yeni, h\u00e2l\u00e2 \u015fehirde bulunmaya devam eden, \u0130talyan toplumunun bulu\u015fma yeri ve g\u00fcn\u00fcm\u00fczde Porec\u2019in ana meydan\u0131 olan, Trg Slobode vard\u0131r.<\/p>\n\n\n\n<figure class=\"wp-block-gallery columns-3 is-cropped wp-block-gallery-1 is-layout-flex wp-block-gallery-is-layout-flex\"><ul class=\"blocks-gallery-grid\"><li class=\"blocks-gallery-item\"><figure><img loading=\"lazy\" decoding=\"async\" width=\"1024\" height=\"576\" src=\"https:\/\/www.intothesquare.org\/wp-content\/uploads\/2020\/05\/DJI_0208-1024x576.jpg\" alt=\"\" data-id=\"2812\" data-full-url=\"https:\/\/www.intothesquare.org\/wp-content\/uploads\/2020\/05\/DJI_0208.jpg\" data-link=\"https:\/\/www.intothesquare.org\/2020\/european-squares\/trg-slobode-and-trg-marafor-from-porec-croatia\/attachment\/dji_0208\/\" class=\"wp-image-2812\" srcset=\"https:\/\/www.intothesquare.org\/wp-content\/uploads\/2020\/05\/DJI_0208-1024x576.jpg 1024w, https:\/\/www.intothesquare.org\/wp-content\/uploads\/2020\/05\/DJI_0208-300x169.jpg 300w, https:\/\/www.intothesquare.org\/wp-content\/uploads\/2020\/05\/DJI_0208-768x432.jpg 768w, https:\/\/www.intothesquare.org\/wp-content\/uploads\/2020\/05\/DJI_0208.jpg 1058w\" sizes=\"auto, (max-width: 1024px) 100vw, 1024px\" \/><\/figure><\/li><li class=\"blocks-gallery-item\"><figure><img loading=\"lazy\" decoding=\"async\" width=\"1024\" height=\"576\" src=\"https:\/\/www.intothesquare.org\/wp-content\/uploads\/2020\/05\/DJI_0189-1024x576.jpg\" alt=\"\" data-id=\"2811\" data-full-url=\"https:\/\/www.intothesquare.org\/wp-content\/uploads\/2020\/05\/DJI_0189.jpg\" data-link=\"https:\/\/www.intothesquare.org\/2020\/european-squares\/trg-slobode-and-trg-marafor-from-porec-croatia\/attachment\/dji_0189\/\" class=\"wp-image-2811\" srcset=\"https:\/\/www.intothesquare.org\/wp-content\/uploads\/2020\/05\/DJI_0189-1024x576.jpg 1024w, https:\/\/www.intothesquare.org\/wp-content\/uploads\/2020\/05\/DJI_0189-300x169.jpg 300w, https:\/\/www.intothesquare.org\/wp-content\/uploads\/2020\/05\/DJI_0189-768x432.jpg 768w, https:\/\/www.intothesquare.org\/wp-content\/uploads\/2020\/05\/DJI_0189.jpg 1058w\" sizes=\"auto, (max-width: 1024px) 100vw, 1024px\" \/><\/figure><\/li><li class=\"blocks-gallery-item\"><figure><img loading=\"lazy\" decoding=\"async\" width=\"1024\" height=\"576\" src=\"https:\/\/www.intothesquare.org\/wp-content\/uploads\/2020\/05\/DJI_0183-1024x576.jpg\" alt=\"\" data-id=\"2810\" data-full-url=\"https:\/\/www.intothesquare.org\/wp-content\/uploads\/2020\/05\/DJI_0183.jpg\" data-link=\"https:\/\/www.intothesquare.org\/2020\/european-squares\/trg-slobode-and-trg-marafor-from-porec-croatia\/attachment\/dji_0183\/\" class=\"wp-image-2810\" srcset=\"https:\/\/www.intothesquare.org\/wp-content\/uploads\/2020\/05\/DJI_0183-1024x576.jpg 1024w, https:\/\/www.intothesquare.org\/wp-content\/uploads\/2020\/05\/DJI_0183-300x169.jpg 300w, https:\/\/www.intothesquare.org\/wp-content\/uploads\/2020\/05\/DJI_0183-768x432.jpg 768w, https:\/\/www.intothesquare.org\/wp-content\/uploads\/2020\/05\/DJI_0183.jpg 1058w\" sizes=\"auto, (max-width: 1024px) 100vw, 1024px\" \/><\/figure><\/li><li class=\"blocks-gallery-item\"><figure><img loading=\"lazy\" decoding=\"async\" width=\"1024\" height=\"576\" src=\"https:\/\/www.intothesquare.org\/wp-content\/uploads\/2020\/05\/DJI_0181-1024x576.jpg\" alt=\"\" data-id=\"2809\" data-full-url=\"https:\/\/www.intothesquare.org\/wp-content\/uploads\/2020\/05\/DJI_0181.jpg\" data-link=\"https:\/\/www.intothesquare.org\/2020\/european-squares\/trg-slobode-and-trg-marafor-from-porec-croatia\/attachment\/dji_0181\/\" class=\"wp-image-2809\" srcset=\"https:\/\/www.intothesquare.org\/wp-content\/uploads\/2020\/05\/DJI_0181-1024x576.jpg 1024w, https:\/\/www.intothesquare.org\/wp-content\/uploads\/2020\/05\/DJI_0181-300x169.jpg 300w, https:\/\/www.intothesquare.org\/wp-content\/uploads\/2020\/05\/DJI_0181-768x432.jpg 768w, https:\/\/www.intothesquare.org\/wp-content\/uploads\/2020\/05\/DJI_0181.jpg 1058w\" sizes=\"auto, (max-width: 1024px) 100vw, 1024px\" \/><\/figure><\/li><li class=\"blocks-gallery-item\"><figure><img loading=\"lazy\" decoding=\"async\" width=\"1024\" height=\"576\" src=\"https:\/\/www.intothesquare.org\/wp-content\/uploads\/2020\/05\/DJI_0151-1024x576.jpg\" alt=\"\" data-id=\"2808\" data-full-url=\"https:\/\/www.intothesquare.org\/wp-content\/uploads\/2020\/05\/DJI_0151.jpg\" data-link=\"https:\/\/www.intothesquare.org\/2020\/european-squares\/trg-slobode-and-trg-marafor-from-porec-croatia\/attachment\/dji_0151\/\" class=\"wp-image-2808\" srcset=\"https:\/\/www.intothesquare.org\/wp-content\/uploads\/2020\/05\/DJI_0151-1024x576.jpg 1024w, https:\/\/www.intothesquare.org\/wp-content\/uploads\/2020\/05\/DJI_0151-300x169.jpg 300w, https:\/\/www.intothesquare.org\/wp-content\/uploads\/2020\/05\/DJI_0151-768x432.jpg 768w, https:\/\/www.intothesquare.org\/wp-content\/uploads\/2020\/05\/DJI_0151.jpg 1058w\" sizes=\"auto, (max-width: 1024px) 100vw, 1024px\" \/><\/figure><\/li><\/ul><\/figure>\n\n\n\n<figure class=\"wp-block-image size-large\"><img loading=\"lazy\" decoding=\"async\" width=\"794\" height=\"756\" src=\"https:\/\/www.intothesquare.org\/wp-content\/uploads\/2020\/05\/Porec-1.jpg\" alt=\"\" class=\"wp-image-2894\" srcset=\"https:\/\/www.intothesquare.org\/wp-content\/uploads\/2020\/05\/Porec-1.jpg 794w, https:\/\/www.intothesquare.org\/wp-content\/uploads\/2020\/05\/Porec-1-300x286.jpg 300w, https:\/\/www.intothesquare.org\/wp-content\/uploads\/2020\/05\/Porec-1-768x731.jpg 768w\" sizes=\"auto, (max-width: 794px) 100vw, 794px\" \/><\/figure>\n","protected":false},"excerpt":{"rendered":"<p>Trg Marafor\u2019un ad\u0131, Mars ve forumdan gelmektedir. \u0130talyanca\u2019da Parenzo denilen Porec \u015fehrin en b\u00fcy\u00fck meydan\u0131d\u0131r ve yar\u0131madan\u0131n denize do\u011fru olan ucunda bulunmaktad\u0131r. Porec\u2019te, Mars Tanr\u0131s\u0131 i\u00e7in yap\u0131lan ve Adriyatik&#8217;in do\u011fu k\u0131y\u0131s\u0131nda bulunan en b\u00fcy\u00fck Roma tap\u0131na\u011f\u0131n\u0131n baz\u0131 s\u00fctunlar\u0131 g\u00fcn\u00fcm\u00fczdeki meydanda hala g\u00f6r\u00fclebilir. Meydanda, I. y\u00fczy\u0131la ait baz\u0131 orijinal kald\u0131r\u0131m b\u00f6l\u00fcmleri korunmu\u015ftur. \u00c7a\u011fda\u015f \u015fehrin meydan\u0131n en &hellip; <a href=\"https:\/\/www.intothesquare.org\/tr\/2020\/european-squares\/trg-marafor-and-trg-slobode-from-porec-croatia\/\" class=\"more-link\">Continue reading <span class=\"screen-reader-text\">Porec, H\u0131rvatistan, Trg Marafor, Trg Slobode<\/span><\/a><\/p>\n","protected":false},"author":3,"featured_media":2892,"comment_status":"closed","ping_status":"closed","sticky":false,"template":"","format":"standard","meta":{"footnotes":""},"categories":[14],"tags":[149,145,146,150],"class_list":["post-2799","post","type-post","status-publish","format-standard","has-post-thumbnail","hentry","category-european-squares","tag-az","tag-en","tag-ro","tag-tr"],"translation":{"provider":"WPGlobus","version":"3.0.0","language":"tr","enabled_languages":["en","tr","ro","es","it","gr","az","pl","ge","pt"],"languages":{"en":{"title":true,"content":true,"excerpt":false},"tr":{"title":true,"content":true,"excerpt":false},"ro":{"title":true,"content":true,"excerpt":false},"es":{"title":false,"content":false,"excerpt":false},"it":{"title":false,"content":false,"excerpt":false},"gr":{"title":false,"content":false,"excerpt":false},"az":{"title":true,"content":true,"excerpt":false},"pl":{"title":false,"content":false,"excerpt":false},"ge":{"title":false,"content":false,"excerpt":false},"pt":{"title":false,"content":false,"excerpt":false}}},"_links":{"self":[{"href":"https:\/\/www.intothesquare.org\/tr\/wp-json\/wp\/v2\/posts\/2799","targetHints":{"allow":["GET"]}}],"collection":[{"href":"https:\/\/www.intothesquare.org\/tr\/wp-json\/wp\/v2\/posts"}],"about":[{"href":"https:\/\/www.intothesquare.org\/tr\/wp-json\/wp\/v2\/types\/post"}],"author":[{"embeddable":true,"href":"https:\/\/www.intothesquare.org\/tr\/wp-json\/wp\/v2\/users\/3"}],"replies":[{"embeddable":true,"href":"https:\/\/www.intothesquare.org\/tr\/wp-json\/wp\/v2\/comments?post=2799"}],"version-history":[{"count":0,"href":"https:\/\/www.intothesquare.org\/tr\/wp-json\/wp\/v2\/posts\/2799\/revisions"}],"wp:featuredmedia":[{"embeddable":true,"href":"https:\/\/www.intothesquare.org\/tr\/wp-json\/wp\/v2\/media\/2892"}],"wp:attachment":[{"href":"https:\/\/www.intothesquare.org\/tr\/wp-json\/wp\/v2\/media?parent=2799"}],"wp:term":[{"taxonomy":"category","embeddable":true,"href":"https:\/\/www.intothesquare.org\/tr\/wp-json\/wp\/v2\/categories?post=2799"},{"taxonomy":"post_tag","embeddable":true,"href":"https:\/\/www.intothesquare.org\/tr\/wp-json\/wp\/v2\/tags?post=2799"}],"curies":[{"name":"wp","href":"https:\/\/api.w.org\/{rel}","templated":true}]}}