{"id":2820,"date":"2020-05-08T22:44:39","date_gmt":"2020-05-08T19:44:39","guid":{"rendered":"http:\/\/www.intothesquare.org\/?p=2820"},"modified":"2024-04-26T22:20:28","modified_gmt":"2024-04-26T19:20:28","slug":"piata-mare-and-piata-mica-from-sibiu-romania","status":"publish","type":"post","link":"https:\/\/www.intothesquare.org\/tr\/2020\/european-squares\/piata-mare-and-piata-mica-from-sibiu-romania\/","title":{"rendered":"Sibiu, Romanya, Piata Mare, Piata Mica"},"content":{"rendered":"\n<p class=\"wp-block-paragraph\">Almanca GroBer Ring&#8217;de ad\u0131 ge\u00e7en K\u00fc\u00e7\u00fck Meydan\u2019\u0131n varl\u0131\u011f\u0131, 14. y\u00fczy\u0131ldan beri tasdik edilmektedir. Ana olaylar i\u00e7in bir sahne olarak yer alm\u0131\u015ft\u0131r ve kamu icralar\u0131 i\u00e7in bir mekan olarak hizmet verdi; ayn\u0131 zamanda tipik Orta Avrupa\u2019ya g\u00f6re, Roland&#8217;\u0131n bir heykeli, delilerin kafesi ve g\u00fcn\u00fcm\u00fczde Katolik kilisenin avlusunda bir s\u00fctunu bulunan St. Joan Nepomouk&#8217;in heykelini bar\u0131nd\u0131rm\u0131\u015ft\u0131r. K\u00fc\u00e7\u00fck Meydan veya K\u00fc\u00e7\u00fck Halka, ba\u015flarda \u015fehir surlar\u0131n\u0131n d\u0131\u015f\u0131ndayd\u0131 ve varl\u0131\u011f\u0131n\u0131 Sibiu&#8217;daki ikinci bir m\u00fcstahkem binan\u0131n in\u015fas\u0131na bor\u00e7luydu. O d\u00f6nemde yap\u0131lan evler, eski savunma duvarlar\u0131n\u0131n dairesel rotas\u0131n\u0131 izledi ve bu, meydandaki binalar\u0131n neden dairesel bir \u015fekle sahip oldu\u011funu a\u00e7\u0131kl\u0131yor. Zemin kattaki ma\u00e7alar, loncalar\u0131n d\u00fckanlar\u0131n\u0131 bar\u0131nd\u0131rm\u0131\u015ft\u0131.<\/p>\n\n\n\n<figure class=\"wp-block-image size-large\"><img loading=\"lazy\" decoding=\"async\" width=\"1024\" height=\"634\" src=\"https:\/\/www.intothesquare.org\/wp-content\/uploads\/2020\/05\/DJI_0004-1024x634.jpg\" alt=\"\" class=\"wp-image-2822\" srcset=\"https:\/\/www.intothesquare.org\/wp-content\/uploads\/2020\/05\/DJI_0004-1024x634.jpg 1024w, https:\/\/www.intothesquare.org\/wp-content\/uploads\/2020\/05\/DJI_0004-300x186.jpg 300w, https:\/\/www.intothesquare.org\/wp-content\/uploads\/2020\/05\/DJI_0004-768x475.jpg 768w, https:\/\/www.intothesquare.org\/wp-content\/uploads\/2020\/05\/DJI_0004-825x510.jpg 825w, https:\/\/www.intothesquare.org\/wp-content\/uploads\/2020\/05\/DJI_0004.jpg 1296w\" sizes=\"auto, (max-width: 1024px) 100vw, 1024px\" \/><\/figure>\n\n\n\n<figure class=\"wp-block-image size-large\"><img loading=\"lazy\" decoding=\"async\" width=\"1058\" height=\"595\" src=\"https:\/\/i0.wp.com\/www.intothesquare.org\/wp-content\/uploads\/2020\/05\/DJI_0069.jpg?fit=660%2C371\" alt=\"\" class=\"wp-image-2823\" srcset=\"https:\/\/www.intothesquare.org\/wp-content\/uploads\/2020\/05\/DJI_0069.jpg 1058w, https:\/\/www.intothesquare.org\/wp-content\/uploads\/2020\/05\/DJI_0069-300x169.jpg 300w, https:\/\/www.intothesquare.org\/wp-content\/uploads\/2020\/05\/DJI_0069-1024x576.jpg 1024w, https:\/\/www.intothesquare.org\/wp-content\/uploads\/2020\/05\/DJI_0069-768x432.jpg 768w\" sizes=\"auto, (max-width: 1058px) 100vw, 1058px\" \/><\/figure>\n","protected":false},"excerpt":{"rendered":"<p>Almanca GroBer Ring&#8217;de ad\u0131 ge\u00e7en K\u00fc\u00e7\u00fck Meydan\u2019\u0131n varl\u0131\u011f\u0131, 14. y\u00fczy\u0131ldan beri tasdik edilmektedir. Ana olaylar i\u00e7in bir sahne olarak yer alm\u0131\u015ft\u0131r ve kamu icralar\u0131 i\u00e7in bir mekan olarak hizmet verdi; ayn\u0131 zamanda tipik Orta Avrupa\u2019ya g\u00f6re, Roland&#8217;\u0131n bir heykeli, delilerin kafesi ve g\u00fcn\u00fcm\u00fczde Katolik kilisenin avlusunda bir s\u00fctunu bulunan St. Joan Nepomouk&#8217;in heykelini bar\u0131nd\u0131rm\u0131\u015ft\u0131r. K\u00fc\u00e7\u00fck &hellip; <a href=\"https:\/\/www.intothesquare.org\/tr\/2020\/european-squares\/piata-mare-and-piata-mica-from-sibiu-romania\/\" class=\"more-link\">Continue reading <span class=\"screen-reader-text\">Sibiu, Romanya, Piata Mare, Piata Mica<\/span><\/a><\/p>\n","protected":false},"author":3,"featured_media":2890,"comment_status":"closed","ping_status":"closed","sticky":false,"template":"","format":"standard","meta":{"footnotes":""},"categories":[14],"tags":[149,145,151,146,150],"class_list":["post-2820","post","type-post","status-publish","format-standard","has-post-thumbnail","hentry","category-european-squares","tag-az","tag-en","tag-es","tag-ro","tag-tr"],"translation":{"provider":"WPGlobus","version":"3.0.2","language":"tr","enabled_languages":["en","tr","ro","es","it","gr","az","pl","ge","pt"],"languages":{"en":{"title":true,"content":true,"excerpt":false},"tr":{"title":true,"content":true,"excerpt":false},"ro":{"title":true,"content":true,"excerpt":false},"es":{"title":true,"content":true,"excerpt":false},"it":{"title":false,"content":false,"excerpt":false},"gr":{"title":false,"content":false,"excerpt":false},"az":{"title":true,"content":true,"excerpt":false},"pl":{"title":false,"content":false,"excerpt":false},"ge":{"title":false,"content":false,"excerpt":false},"pt":{"title":false,"content":false,"excerpt":false}}},"_links":{"self":[{"href":"https:\/\/www.intothesquare.org\/tr\/wp-json\/wp\/v2\/posts\/2820","targetHints":{"allow":["GET"]}}],"collection":[{"href":"https:\/\/www.intothesquare.org\/tr\/wp-json\/wp\/v2\/posts"}],"about":[{"href":"https:\/\/www.intothesquare.org\/tr\/wp-json\/wp\/v2\/types\/post"}],"author":[{"embeddable":true,"href":"https:\/\/www.intothesquare.org\/tr\/wp-json\/wp\/v2\/users\/3"}],"replies":[{"embeddable":true,"href":"https:\/\/www.intothesquare.org\/tr\/wp-json\/wp\/v2\/comments?post=2820"}],"version-history":[{"count":0,"href":"https:\/\/www.intothesquare.org\/tr\/wp-json\/wp\/v2\/posts\/2820\/revisions"}],"wp:featuredmedia":[{"embeddable":true,"href":"https:\/\/www.intothesquare.org\/tr\/wp-json\/wp\/v2\/media\/2890"}],"wp:attachment":[{"href":"https:\/\/www.intothesquare.org\/tr\/wp-json\/wp\/v2\/media?parent=2820"}],"wp:term":[{"taxonomy":"category","embeddable":true,"href":"https:\/\/www.intothesquare.org\/tr\/wp-json\/wp\/v2\/categories?post=2820"},{"taxonomy":"post_tag","embeddable":true,"href":"https:\/\/www.intothesquare.org\/tr\/wp-json\/wp\/v2\/tags?post=2820"}],"curies":[{"name":"wp","href":"https:\/\/api.w.org\/{rel}","templated":true}]}}