{"id":2849,"date":"2020-05-08T23:21:57","date_gmt":"2020-05-08T20:21:57","guid":{"rendered":"http:\/\/www.intothesquare.org\/?p=2849"},"modified":"2024-04-26T22:14:41","modified_gmt":"2024-04-26T19:14:41","slug":"praca-de-d-pedro-iv-from-lisbon-portugal","status":"publish","type":"post","link":"https:\/\/www.intothesquare.org\/tr\/2020\/european-squares\/praca-de-d-pedro-iv-from-lisbon-portugal\/","title":{"rendered":"Lizbon, Portekiz, Praca de D. Pedro IV"},"content":{"rendered":"\n<p class=\"wp-block-paragraph\">Meydan, resmi olarak Praca de D. Pedro IV tan\u0131mlasa da, yerel halk taraf\u0131ndan Rossio ad\u0131yla bilinir. Orta\u00e7a\u011fdan beri Lizbon&#8217;un kalbi ve \u00f6nemli tarihi olaylar\u0131 bar\u0131nd\u0131ran bir alan olmu\u015ftur. 1450 y\u0131l\u0131nda, meydan\u0131n kuzey taraf\u0131nda ve bug\u00fcn tiyatro binas\u0131n\u0131n bulundu\u011fu alanda, Paco dos Estaus in\u015fa edilmi\u015ftir. Ba\u015fta saray, yabanc\u0131 devlet adamlar\u0131 a\u011f\u0131rlamak amac\u0131yla tasarlanm\u0131\u015ft\u0131r. Daha sonra Engizisyonun merkezi haline gelir. Rossio, zamanla, onun taraf\u0131ndan emredilen kamu icralar\u0131n\u0131n bir sahnesiydi, bug\u00fcnk\u00fc g\u00f6r\u00fcn\u00fcm\u00fc b\u00fcy\u00fck \u00f6l\u00e7\u00fcde 1755 y\u0131l\u0131ndaki depremden sonra, mimarlar Eugenio dos Santos ve Carlos Mardel taraf\u0131ndan koordine edilen, Martiz Pombal\u2019\u0131n planlanan yeniden yap\u0131land\u0131rmas\u0131d\u0131r. Tipik bir Portekiz mozai\u011fi olan g\u00f6rkemli kald\u0131r\u0131m, ondokuzuncu y\u00fczy\u0131la kadar uzanmaktad\u0131r. Kral Pedro IV&#8217;\u00fcn heykeli, 1874 y\u0131l\u0131nda dikilmi\u015f olan merkez s\u00fctununa hakimdir, dolay\u0131s\u0131yla meydan\u0131n resmi ad\u0131d\u0131r.<\/p>\n\n\n\n<figure class=\"wp-block-image size-large\"><img loading=\"lazy\" decoding=\"async\" width=\"1058\" height=\"1865\" src=\"https:\/\/i1.wp.com\/www.intothesquare.org\/wp-content\/uploads\/2020\/05\/Piete20-Panorama-Lisabonei-Portugalia.jpg?fit=581%2C1024\" alt=\"\" class=\"wp-image-2852\" srcset=\"https:\/\/www.intothesquare.org\/wp-content\/uploads\/2020\/05\/Piete20-Panorama-Lisabonei-Portugalia.jpg 1058w, https:\/\/www.intothesquare.org\/wp-content\/uploads\/2020\/05\/Piete20-Panorama-Lisabonei-Portugalia-170x300.jpg 170w, https:\/\/www.intothesquare.org\/wp-content\/uploads\/2020\/05\/Piete20-Panorama-Lisabonei-Portugalia-581x1024.jpg 581w, https:\/\/www.intothesquare.org\/wp-content\/uploads\/2020\/05\/Piete20-Panorama-Lisabonei-Portugalia-768x1354.jpg 768w, https:\/\/www.intothesquare.org\/wp-content\/uploads\/2020\/05\/Piete20-Panorama-Lisabonei-Portugalia-871x1536.jpg 871w\" sizes=\"auto, (max-width: 1058px) 100vw, 1058px\" \/><figcaption><br><\/figcaption><\/figure>\n\n\n\n<figure class=\"wp-block-gallery columns-3 is-cropped wp-block-gallery-1 is-layout-flex wp-block-gallery-is-layout-flex\"><ul class=\"blocks-gallery-grid\"><li class=\"blocks-gallery-item\"><figure><img loading=\"lazy\" decoding=\"async\" width=\"1058\" height=\"1587\" src=\"https:\/\/i0.wp.com\/www.intothesquare.org\/wp-content\/uploads\/2020\/05\/IMG_3512.jpg?fit=660%2C990\" alt=\"\" data-id=\"2853\" data-link=\"https:\/\/www.intothesquare.org\/?attachment_id=2853\" class=\"wp-image-2853\" srcset=\"https:\/\/www.intothesquare.org\/wp-content\/uploads\/2020\/05\/IMG_3512.jpg 1058w, https:\/\/www.intothesquare.org\/wp-content\/uploads\/2020\/05\/IMG_3512-200x300.jpg 200w, https:\/\/www.intothesquare.org\/wp-content\/uploads\/2020\/05\/IMG_3512-683x1024.jpg 683w, https:\/\/www.intothesquare.org\/wp-content\/uploads\/2020\/05\/IMG_3512-768x1152.jpg 768w, https:\/\/www.intothesquare.org\/wp-content\/uploads\/2020\/05\/IMG_3512-1024x1536.jpg 1024w\" sizes=\"auto, (max-width: 1058px) 100vw, 1058px\" \/><\/figure><\/li><li class=\"blocks-gallery-item\"><figure><img loading=\"lazy\" decoding=\"async\" width=\"1058\" height=\"705\" src=\"https:\/\/i1.wp.com\/www.intothesquare.org\/wp-content\/uploads\/2020\/05\/IMG_3544.jpg?fit=660%2C440\" alt=\"\" data-id=\"2854\" data-link=\"https:\/\/www.intothesquare.org\/?attachment_id=2854\" class=\"wp-image-2854\" srcset=\"https:\/\/www.intothesquare.org\/wp-content\/uploads\/2020\/05\/IMG_3544.jpg 1058w, https:\/\/www.intothesquare.org\/wp-content\/uploads\/2020\/05\/IMG_3544-300x200.jpg 300w, https:\/\/www.intothesquare.org\/wp-content\/uploads\/2020\/05\/IMG_3544-1024x682.jpg 1024w, https:\/\/www.intothesquare.org\/wp-content\/uploads\/2020\/05\/IMG_3544-768x512.jpg 768w\" sizes=\"auto, (max-width: 1058px) 100vw, 1058px\" \/><\/figure><\/li><li class=\"blocks-gallery-item\"><figure><img loading=\"lazy\" decoding=\"async\" width=\"1058\" height=\"1473\" src=\"https:\/\/i0.wp.com\/www.intothesquare.org\/wp-content\/uploads\/2020\/05\/Lisabona.jpg?fit=660%2C918\" alt=\"\" data-id=\"2855\" data-full-url=\"https:\/\/i0.wp.com\/www.intothesquare.org\/wp-content\/uploads\/2020\/05\/Lisabona.jpg?fit=1058%2C1473\" data-link=\"https:\/\/www.intothesquare.org\/?attachment_id=2855\" class=\"wp-image-2855\" srcset=\"https:\/\/www.intothesquare.org\/wp-content\/uploads\/2020\/05\/Lisabona.jpg 1058w, https:\/\/www.intothesquare.org\/wp-content\/uploads\/2020\/05\/Lisabona-215x300.jpg 215w, https:\/\/www.intothesquare.org\/wp-content\/uploads\/2020\/05\/Lisabona-736x1024.jpg 736w, https:\/\/www.intothesquare.org\/wp-content\/uploads\/2020\/05\/Lisabona-768x1069.jpg 768w\" sizes=\"auto, (max-width: 1058px) 100vw, 1058px\" \/><\/figure><\/li><\/ul><\/figure>\n","protected":false},"excerpt":{"rendered":"<p>Meydan, resmi olarak Praca de D. Pedro IV tan\u0131mlasa da, yerel halk taraf\u0131ndan Rossio ad\u0131yla bilinir. Orta\u00e7a\u011fdan beri Lizbon&#8217;un kalbi ve \u00f6nemli tarihi olaylar\u0131 bar\u0131nd\u0131ran bir alan olmu\u015ftur. 1450 y\u0131l\u0131nda, meydan\u0131n kuzey taraf\u0131nda ve bug\u00fcn tiyatro binas\u0131n\u0131n bulundu\u011fu alanda, Paco dos Estaus in\u015fa edilmi\u015ftir. Ba\u015fta saray, yabanc\u0131 devlet adamlar\u0131 a\u011f\u0131rlamak amac\u0131yla tasarlanm\u0131\u015ft\u0131r. Daha sonra Engizisyonun &hellip; <a href=\"https:\/\/www.intothesquare.org\/tr\/2020\/european-squares\/praca-de-d-pedro-iv-from-lisbon-portugal\/\" class=\"more-link\">Continue reading <span class=\"screen-reader-text\">Lizbon, Portekiz, Praca de D. Pedro IV<\/span><\/a><\/p>\n","protected":false},"author":3,"featured_media":2851,"comment_status":"closed","ping_status":"closed","sticky":false,"template":"","format":"standard","meta":{"footnotes":""},"categories":[14],"tags":[149,145,151,146,150],"class_list":["post-2849","post","type-post","status-publish","format-standard","has-post-thumbnail","hentry","category-european-squares","tag-az","tag-en","tag-es","tag-ro","tag-tr"],"translation":{"provider":"WPGlobus","version":"3.0.2","language":"tr","enabled_languages":["en","tr","ro","es","it","gr","az","pl","ge","pt"],"languages":{"en":{"title":true,"content":true,"excerpt":false},"tr":{"title":true,"content":true,"excerpt":false},"ro":{"title":true,"content":true,"excerpt":false},"es":{"title":true,"content":true,"excerpt":false},"it":{"title":false,"content":false,"excerpt":false},"gr":{"title":false,"content":false,"excerpt":false},"az":{"title":true,"content":true,"excerpt":false},"pl":{"title":false,"content":false,"excerpt":false},"ge":{"title":false,"content":false,"excerpt":false},"pt":{"title":false,"content":false,"excerpt":false}}},"_links":{"self":[{"href":"https:\/\/www.intothesquare.org\/tr\/wp-json\/wp\/v2\/posts\/2849","targetHints":{"allow":["GET"]}}],"collection":[{"href":"https:\/\/www.intothesquare.org\/tr\/wp-json\/wp\/v2\/posts"}],"about":[{"href":"https:\/\/www.intothesquare.org\/tr\/wp-json\/wp\/v2\/types\/post"}],"author":[{"embeddable":true,"href":"https:\/\/www.intothesquare.org\/tr\/wp-json\/wp\/v2\/users\/3"}],"replies":[{"embeddable":true,"href":"https:\/\/www.intothesquare.org\/tr\/wp-json\/wp\/v2\/comments?post=2849"}],"version-history":[{"count":0,"href":"https:\/\/www.intothesquare.org\/tr\/wp-json\/wp\/v2\/posts\/2849\/revisions"}],"wp:featuredmedia":[{"embeddable":true,"href":"https:\/\/www.intothesquare.org\/tr\/wp-json\/wp\/v2\/media\/2851"}],"wp:attachment":[{"href":"https:\/\/www.intothesquare.org\/tr\/wp-json\/wp\/v2\/media?parent=2849"}],"wp:term":[{"taxonomy":"category","embeddable":true,"href":"https:\/\/www.intothesquare.org\/tr\/wp-json\/wp\/v2\/categories?post=2849"},{"taxonomy":"post_tag","embeddable":true,"href":"https:\/\/www.intothesquare.org\/tr\/wp-json\/wp\/v2\/tags?post=2849"}],"curies":[{"name":"wp","href":"https:\/\/api.w.org\/{rel}","templated":true}]}}