{"id":2864,"date":"2020-05-08T23:39:01","date_gmt":"2020-05-08T20:39:01","guid":{"rendered":"http:\/\/www.intothesquare.org\/?p=2864"},"modified":"2024-04-26T22:13:42","modified_gmt":"2024-04-26T19:13:42","slug":"piazza-grande-from-palmanova-italy","status":"publish","type":"post","link":"https:\/\/www.intothesquare.org\/tr\/2020\/european-squares\/piazza-grande-from-palmanova-italy\/","title":{"rendered":"Palmanova, \u0130talya, Piazza Grande"},"content":{"rendered":"\n<p>Palmanova, 1593 y\u0131l\u0131nda Venedik savunmas\u0131 i\u00e7in bir y\u0131ld\u0131z kalesi, askeri bir \u015fehir olarak in\u015fa edilmi\u015ftir. Tarih boyunca \u015fehir, sadece Venedik&#8217;in Gradisca\u2019daki sava\u015f\u0131nda Avusturya&#8217;ya kar\u015f\u0131 girdi\u011finde bir kez m\u00fccadele etmi\u015ftir. Scamozzi taraf\u0131ndan geli\u015ftirilen ideal plan\u0131n\u0131, bug\u00fcne kadar de\u011fi\u015fmeden kald\u0131.Temel yap\u0131s\u0131 dokuz y\u00fczl\u00fc bir poligon olsa da, merkez meydan\u0131 alt\u0131 kenara sahiptir ve kale giri\u015flerin her biri do\u011frudan ona ba\u011fl\u0131d\u0131r. Bu \u015fekilde meydan, ona do\u011fru giden alt\u0131 arteri barikatlayarak izole edilebilir ve savunulabilirdi. Fakat buna hi\u00e7 ihtiya\u00e7\u0131 olmam\u0131\u015ft\u0131.<\/p>\n\n\n\n<figure class=\"wp-block-image size-large\"><img loading=\"lazy\" decoding=\"async\" width=\"1296\" height=\"802\" src=\"https:\/\/i0.wp.com\/www.intothesquare.org\/wp-content\/uploads\/2020\/05\/DJI_0167.jpg?fit=660%2C409\" alt=\"\" class=\"wp-image-2868\" srcset=\"https:\/\/www.intothesquare.org\/wp-content\/uploads\/2020\/05\/DJI_0167.jpg 1296w, https:\/\/www.intothesquare.org\/wp-content\/uploads\/2020\/05\/DJI_0167-300x186.jpg 300w, https:\/\/www.intothesquare.org\/wp-content\/uploads\/2020\/05\/DJI_0167-1024x634.jpg 1024w, https:\/\/www.intothesquare.org\/wp-content\/uploads\/2020\/05\/DJI_0167-768x475.jpg 768w, https:\/\/www.intothesquare.org\/wp-content\/uploads\/2020\/05\/DJI_0167-825x510.jpg 825w\" sizes=\"auto, (max-width: 1296px) 100vw, 1296px\" \/><\/figure>\n\n\n\n<figure class=\"wp-block-image size-large\"><img loading=\"lazy\" decoding=\"async\" width=\"1024\" height=\"634\" src=\"https:\/\/www.intothesquare.org\/wp-content\/uploads\/2020\/05\/Dalmatia-1024x634.jpg\" alt=\"\" class=\"wp-image-2867\" srcset=\"https:\/\/www.intothesquare.org\/wp-content\/uploads\/2020\/05\/Dalmatia-1024x634.jpg 1024w, https:\/\/www.intothesquare.org\/wp-content\/uploads\/2020\/05\/Dalmatia-300x186.jpg 300w, https:\/\/www.intothesquare.org\/wp-content\/uploads\/2020\/05\/Dalmatia-768x475.jpg 768w, https:\/\/www.intothesquare.org\/wp-content\/uploads\/2020\/05\/Dalmatia-825x510.jpg 825w, https:\/\/www.intothesquare.org\/wp-content\/uploads\/2020\/05\/Dalmatia.jpg 1296w\" sizes=\"auto, (max-width: 1024px) 100vw, 1024px\" \/><\/figure>\n","protected":false},"excerpt":{"rendered":"<p>Palmanova, 1593 y\u0131l\u0131nda Venedik savunmas\u0131 i\u00e7in bir y\u0131ld\u0131z kalesi, askeri bir \u015fehir olarak in\u015fa edilmi\u015ftir. Tarih boyunca \u015fehir, sadece Venedik&#8217;in Gradisca\u2019daki sava\u015f\u0131nda Avusturya&#8217;ya kar\u015f\u0131 girdi\u011finde bir kez m\u00fccadele etmi\u015ftir. Scamozzi taraf\u0131ndan geli\u015ftirilen ideal plan\u0131n\u0131, bug\u00fcne kadar de\u011fi\u015fmeden kald\u0131.Temel yap\u0131s\u0131 dokuz y\u00fczl\u00fc bir poligon olsa da, merkez meydan\u0131 alt\u0131 kenara sahiptir ve kale giri\u015flerin her biri &hellip; <a href=\"https:\/\/www.intothesquare.org\/tr\/2020\/european-squares\/piazza-grande-from-palmanova-italy\/\" class=\"more-link\">Continue reading <span class=\"screen-reader-text\">Palmanova, \u0130talya, Piazza Grande<\/span><\/a><\/p>\n","protected":false},"author":3,"featured_media":2867,"comment_status":"closed","ping_status":"closed","sticky":false,"template":"","format":"standard","meta":{"footnotes":""},"categories":[14],"tags":[149,145,151,146,150],"class_list":["post-2864","post","type-post","status-publish","format-standard","has-post-thumbnail","hentry","category-european-squares","tag-az","tag-en","tag-es","tag-ro","tag-tr"],"translation":{"provider":"WPGlobus","version":"3.0.0","language":"tr","enabled_languages":["en","tr","ro","es","it","gr","az","pl","ge","pt"],"languages":{"en":{"title":true,"content":true,"excerpt":false},"tr":{"title":true,"content":true,"excerpt":false},"ro":{"title":true,"content":true,"excerpt":false},"es":{"title":true,"content":true,"excerpt":false},"it":{"title":false,"content":false,"excerpt":false},"gr":{"title":false,"content":false,"excerpt":false},"az":{"title":true,"content":true,"excerpt":false},"pl":{"title":false,"content":false,"excerpt":false},"ge":{"title":false,"content":false,"excerpt":false},"pt":{"title":false,"content":false,"excerpt":false}}},"_links":{"self":[{"href":"https:\/\/www.intothesquare.org\/tr\/wp-json\/wp\/v2\/posts\/2864","targetHints":{"allow":["GET"]}}],"collection":[{"href":"https:\/\/www.intothesquare.org\/tr\/wp-json\/wp\/v2\/posts"}],"about":[{"href":"https:\/\/www.intothesquare.org\/tr\/wp-json\/wp\/v2\/types\/post"}],"author":[{"embeddable":true,"href":"https:\/\/www.intothesquare.org\/tr\/wp-json\/wp\/v2\/users\/3"}],"replies":[{"embeddable":true,"href":"https:\/\/www.intothesquare.org\/tr\/wp-json\/wp\/v2\/comments?post=2864"}],"version-history":[{"count":0,"href":"https:\/\/www.intothesquare.org\/tr\/wp-json\/wp\/v2\/posts\/2864\/revisions"}],"wp:featuredmedia":[{"embeddable":true,"href":"https:\/\/www.intothesquare.org\/tr\/wp-json\/wp\/v2\/media\/2867"}],"wp:attachment":[{"href":"https:\/\/www.intothesquare.org\/tr\/wp-json\/wp\/v2\/media?parent=2864"}],"wp:term":[{"taxonomy":"category","embeddable":true,"href":"https:\/\/www.intothesquare.org\/tr\/wp-json\/wp\/v2\/categories?post=2864"},{"taxonomy":"post_tag","embeddable":true,"href":"https:\/\/www.intothesquare.org\/tr\/wp-json\/wp\/v2\/tags?post=2864"}],"curies":[{"name":"wp","href":"https:\/\/api.w.org\/{rel}","templated":true}]}}