{"id":287,"date":"2018-02-11T20:28:21","date_gmt":"2018-02-11T18:28:21","guid":{"rendered":"http:\/\/www.intothesquare.org\/?p=287"},"modified":"2024-04-26T23:06:51","modified_gmt":"2024-04-26T20:06:51","slug":"sultanahmet-meydani-from-istanbul-turkey","status":"publish","type":"post","link":"https:\/\/www.intothesquare.org\/tr\/2018\/european-squares\/sultanahmet-meydani-from-istanbul-turkey\/","title":{"rendered":"\u0130stanbul, T\u00fcrkiye Sultanahmet Meydan\u0131"},"content":{"rendered":"<div id='gallery-1' class='gallery galleryid-287 gallery-columns-4 gallery-size-thumbnail'><figure class='gallery-item'>\n\t\t\t<div class='gallery-icon landscape'>\n\t\t\t\t<a href='https:\/\/www.intothesquare.org\/tr\/2018\/european-squares\/sultanahmet-meydani-from-istanbul-turkey\/attachment\/piete18-istanbul-turcia\/'><img loading=\"lazy\" decoding=\"async\" width=\"150\" height=\"150\" src=\"https:\/\/www.intothesquare.org\/wp-content\/uploads\/2018\/02\/Piete18-Istanbul-Turcia-150x150.jpg\" class=\"attachment-thumbnail size-thumbnail\" alt=\"\" \/><\/a>\n\t\t\t<\/div><\/figure><figure class='gallery-item'>\n\t\t\t<div class='gallery-icon landscape'>\n\t\t\t\t<a href='https:\/\/www.intothesquare.org\/tr\/2018\/european-squares\/sultanahmet-meydani-from-istanbul-turkey\/attachment\/dji_0239\/'><img loading=\"lazy\" decoding=\"async\" width=\"150\" height=\"150\" src=\"https:\/\/www.intothesquare.org\/wp-content\/uploads\/2018\/02\/DJI_0239-150x150.jpg\" class=\"attachment-thumbnail size-thumbnail\" alt=\"\" \/><\/a>\n\t\t\t<\/div><\/figure><figure class='gallery-item'>\n\t\t\t<div class='gallery-icon landscape'>\n\t\t\t\t<a href='https:\/\/www.intothesquare.org\/tr\/2018\/european-squares\/sultanahmet-meydani-from-istanbul-turkey\/attachment\/dji_0280\/'><img loading=\"lazy\" decoding=\"async\" width=\"150\" height=\"150\" src=\"https:\/\/www.intothesquare.org\/wp-content\/uploads\/2018\/02\/DJI_0280-150x150.jpg\" class=\"attachment-thumbnail size-thumbnail\" alt=\"\" \/><\/a>\n\t\t\t<\/div><\/figure><figure class='gallery-item'>\n\t\t\t<div class='gallery-icon landscape'>\n\t\t\t\t<a href='https:\/\/www.intothesquare.org\/tr\/2018\/european-squares\/sultanahmet-meydani-from-istanbul-turkey\/attachment\/dji_0361\/'><img loading=\"lazy\" decoding=\"async\" width=\"150\" height=\"150\" src=\"https:\/\/www.intothesquare.org\/wp-content\/uploads\/2018\/02\/DJI_0361-150x150.jpg\" class=\"attachment-thumbnail size-thumbnail\" alt=\"\" \/><\/a>\n\t\t\t<\/div><\/figure>\n\t\t<\/div>\n\n<p>Meydan alan\u0131, Do\u011fu ile Avrupa aras\u0131ndaki bulu\u015fman\u0131n baz\u0131 belirsizliklerine sahiptir. S\u00f6z konusu tek bir meydan de\u011fildir, ayn\u0131 ad\u0131 ta\u015f\u0131yan iki birle\u015fik meydan var. Resmi ad\u0131 Sultanahmet Meydan\u0131 olmas\u0131na ra\u011fmen, Ayasofya ile Mavi Camii olarak bilinen Sultan Ahmet Camii\u2019nin aras\u0131nda, genellikle Ayasofya Meydan\u0131 olarak adland\u0131r\u0131lan ve ortas\u0131nda bir \u00e7e\u015fmesi olan bir meydan bulunmaktad\u0131r. Roma d\u00f6neminde Augusteion ismindeki Augustus\u2019un Foru oldu\u011fu yerde bulunan bir bah\u00e7e meydan\u0131d\u0131r. Paradoksal olarak, tam anlam\u0131yla park olmamas\u0131na ra\u011fmen Sultanahmet Camii ve \u0130slam Eserleri M\u00fczesi aras\u0131nda bulunan uzun meydan\u0131n ismi Sultanahmet Park\u0131\u2019d\u0131r, kald\u0131 ki yan\u0131nda bulunan meydan\u0131n park\u0131 \u00e7ok daha b\u00fcy\u00fck. D\u00fcnyada ba\u015fka hi\u00e7bir yerin metrekare ba\u015f\u0131na bu kadar \u00e7ok fazla tarih bulundurmuyor. B\u00fcy\u00fck Teodosis\u2019in Dikilita\u015f&#8217;\u0131 asl\u0131nda M\u0131s\u0131r\u2019dand\u0131r ve buraya Luksor&#8217;dan 390 y\u0131l\u0131nda getirildi. Assuan Granit&#8217;te oyulmu\u015f ve 1490 y\u0131l\u0131nda M\u0131s\u0131r firavunu III. Tutmes an\u0131s\u0131na dikilmi\u015ftir. Serpantin s\u00fctunu ise, Perslere kar\u015f\u0131 Yunan zaferinin an\u0131s\u0131na Delphi Apollon tap\u0131na\u011f\u0131dan 324 &nbsp;y\u0131l\u0131nda getirildi. \u015eimdi 2500 ya\u015f\u0131nda olan bu serpantin s\u00fctunu, yunanl\u0131lar\u0131n ellerine ge\u00e7irilen Fars silahlar\u0131n\u0131n eritilmesinden elde edilen ala\u015f\u0131mdan kal\u0131planm\u0131\u015f. Ba\u015fka bir dikilita\u015f, onuncu y\u00fczy\u0131lda Konstantin taraf\u0131ndan in\u015fa edildi. Bunlara, \u0130mparator II. Wilhelm\u2019in ziyaretin an\u0131s\u0131na 1900 y\u0131l\u0131nda in\u015fa edilmi\u015f olan bir &#8220;Alman \u00c7e\u015fmesi&#8221; eklenmektir. Do\u011fu Roma \u0130mparatorlu\u011fu&#8217;nun s\u0131f\u0131r kilometresi, meydan\u0131n kuzeydo\u011fu k\u00f6\u015fesinde hala g\u00f6r\u00fclebilen bir mermer s\u00fctunuyla i\u015faretlenmi\u015ftir. Dahas\u0131 var. Meydan, asl\u0131nda Roma Hipodromun arenas\u0131d\u0131r.<\/p>\n\n\n<figure class=\"wp-block-image\"><img loading=\"lazy\" decoding=\"async\" width=\"1000\" height=\"414\" src=\"https:\/\/www.intothesquare.org\/wp-content\/uploads\/2018\/02\/Istanbul3b.jpg\" alt=\"\" class=\"wp-image-289\" srcset=\"https:\/\/www.intothesquare.org\/wp-content\/uploads\/2018\/02\/Istanbul3b.jpg 1000w, https:\/\/www.intothesquare.org\/wp-content\/uploads\/2018\/02\/Istanbul3b-300x124.jpg 300w, https:\/\/www.intothesquare.org\/wp-content\/uploads\/2018\/02\/Istanbul3b-768x318.jpg 768w\" sizes=\"auto, (max-width: 1000px) 100vw, 1000px\" \/><\/figure>\n","protected":false},"excerpt":{"rendered":"<p>Meydan alan\u0131, Do\u011fu ile Avrupa aras\u0131ndaki bulu\u015fman\u0131n baz\u0131 belirsizliklerine sahiptir. S\u00f6z konusu tek bir meydan de\u011fildir, ayn\u0131 ad\u0131 ta\u015f\u0131yan iki birle\u015fik meydan var. Resmi ad\u0131 Sultanahmet Meydan\u0131 olmas\u0131na ra\u011fmen, Ayasofya ile Mavi Camii olarak bilinen Sultan Ahmet Camii\u2019nin aras\u0131nda, genellikle Ayasofya Meydan\u0131 olarak adland\u0131r\u0131lan ve ortas\u0131nda bir \u00e7e\u015fmesi olan bir meydan bulunmaktad\u0131r. Roma d\u00f6neminde Augusteion &hellip; <a href=\"https:\/\/www.intothesquare.org\/tr\/2018\/european-squares\/sultanahmet-meydani-from-istanbul-turkey\/\" class=\"more-link\">Continue reading <span class=\"screen-reader-text\">\u0130stanbul, T\u00fcrkiye Sultanahmet Meydan\u0131<\/span><\/a><\/p>\n","protected":false},"author":2,"featured_media":288,"comment_status":"closed","ping_status":"closed","sticky":false,"template":"","format":"image","meta":{"footnotes":""},"categories":[14],"tags":[69,67,68,145,151,148,147,70,64,66,146,150,65],"class_list":["post-287","post","type-post","status-publish","format-image","has-post-thumbnail","hentry","category-european-squares","tag-ayasofya-meydani","tag-byzantine-empire","tag-eastern-roman-empire","tag-en","tag-es","tag-ge","tag-gr","tag-islamic-art","tag-old-roman-city","tag-ottoman-empire","tag-ro","tag-tr","tag-turkey","post_format-post-format-image"],"translation":{"provider":"WPGlobus","version":"3.0.0","language":"tr","enabled_languages":["en","tr","ro","es","it","gr","az","pl","ge","pt"],"languages":{"en":{"title":true,"content":true,"excerpt":false},"tr":{"title":true,"content":true,"excerpt":false},"ro":{"title":true,"content":true,"excerpt":false},"es":{"title":true,"content":true,"excerpt":false},"it":{"title":false,"content":false,"excerpt":false},"gr":{"title":true,"content":true,"excerpt":false},"az":{"title":false,"content":false,"excerpt":false},"pl":{"title":false,"content":false,"excerpt":false},"ge":{"title":true,"content":true,"excerpt":false},"pt":{"title":false,"content":false,"excerpt":false}}},"_links":{"self":[{"href":"https:\/\/www.intothesquare.org\/tr\/wp-json\/wp\/v2\/posts\/287","targetHints":{"allow":["GET"]}}],"collection":[{"href":"https:\/\/www.intothesquare.org\/tr\/wp-json\/wp\/v2\/posts"}],"about":[{"href":"https:\/\/www.intothesquare.org\/tr\/wp-json\/wp\/v2\/types\/post"}],"author":[{"embeddable":true,"href":"https:\/\/www.intothesquare.org\/tr\/wp-json\/wp\/v2\/users\/2"}],"replies":[{"embeddable":true,"href":"https:\/\/www.intothesquare.org\/tr\/wp-json\/wp\/v2\/comments?post=287"}],"version-history":[{"count":0,"href":"https:\/\/www.intothesquare.org\/tr\/wp-json\/wp\/v2\/posts\/287\/revisions"}],"wp:featuredmedia":[{"embeddable":true,"href":"https:\/\/www.intothesquare.org\/tr\/wp-json\/wp\/v2\/media\/288"}],"wp:attachment":[{"href":"https:\/\/www.intothesquare.org\/tr\/wp-json\/wp\/v2\/media?parent=287"}],"wp:term":[{"taxonomy":"category","embeddable":true,"href":"https:\/\/www.intothesquare.org\/tr\/wp-json\/wp\/v2\/categories?post=287"},{"taxonomy":"post_tag","embeddable":true,"href":"https:\/\/www.intothesquare.org\/tr\/wp-json\/wp\/v2\/tags?post=287"}],"curies":[{"name":"wp","href":"https:\/\/api.w.org\/{rel}","templated":true}]}}