{"id":2901,"date":"2020-05-09T10:17:59","date_gmt":"2020-05-09T07:17:59","guid":{"rendered":"http:\/\/www.intothesquare.org\/?p=2901"},"modified":"2024-04-26T22:12:59","modified_gmt":"2024-04-26T19:12:59","slug":"titov-trg-from-buzet-croatia","status":"publish","type":"post","link":"https:\/\/www.intothesquare.org\/tr\/2020\/european-squares\/titov-trg-from-buzet-croatia\/","title":{"rendered":"Titov Trg din Buzet, H\u0131rvatistan"},"content":{"rendered":"\n<p>\u0130nan\u0131lmaz derecede k\u00fc\u00e7\u00fck olan Buzet kilisenin meydan\u0131, yerle\u015fimin en y\u00fcksek noktas\u0131nda bulunmaktad\u0131r. Fakat perspektif ve i\u00e7 alan hissi eksiktir, \u00e7\u00fcnk\u00fc k\u00fc\u00e7\u00fck olan \u00e7evre, meydandaki t\u00fcm binalar\u0131 \u00e7ok daha b\u00fcy\u00fck ve g\u00f6ky\u00fcz\u00fc \u00e7ok uzak, nereyse bir yama oldu\u011funu hissi yaratmaktad\u0131r. Buzet Istria&#8217;daki bir ba\u015fka tepe \u015fehridir ve Venedikliler taraf\u0131ndan tahkim edilmi\u015ftir, \u00e7\u00fcnk\u00fc b\u00f6lgedeki egemenliklerinin temeli olmu\u015ftur.<\/p>\n\n\n\n<figure class=\"wp-block-gallery columns-3 is-cropped wp-block-gallery-1 is-layout-flex wp-block-gallery-is-layout-flex\"><ul class=\"blocks-gallery-grid\"><li class=\"blocks-gallery-item\"><figure><img loading=\"lazy\" decoding=\"async\" width=\"1024\" height=\"576\" src=\"https:\/\/www.intothesquare.org\/wp-content\/uploads\/2020\/05\/DJI_0003-1024x576.jpg\" alt=\"\" data-id=\"2905\" data-full-url=\"https:\/\/www.intothesquare.org\/wp-content\/uploads\/2020\/05\/DJI_0003.jpg\" data-link=\"https:\/\/www.intothesquare.org\/?attachment_id=2905\" class=\"wp-image-2905\" srcset=\"https:\/\/www.intothesquare.org\/wp-content\/uploads\/2020\/05\/DJI_0003-1024x576.jpg 1024w, https:\/\/www.intothesquare.org\/wp-content\/uploads\/2020\/05\/DJI_0003-300x169.jpg 300w, https:\/\/www.intothesquare.org\/wp-content\/uploads\/2020\/05\/DJI_0003-768x432.jpg 768w, https:\/\/www.intothesquare.org\/wp-content\/uploads\/2020\/05\/DJI_0003.jpg 1058w\" sizes=\"auto, (max-width: 1024px) 100vw, 1024px\" \/><\/figure><\/li><li class=\"blocks-gallery-item\"><figure><img loading=\"lazy\" decoding=\"async\" width=\"1024\" height=\"576\" src=\"https:\/\/www.intothesquare.org\/wp-content\/uploads\/2020\/05\/DJI_0041-1024x576.jpg\" alt=\"\" data-id=\"2906\" data-full-url=\"https:\/\/www.intothesquare.org\/wp-content\/uploads\/2020\/05\/DJI_0041.jpg\" data-link=\"https:\/\/www.intothesquare.org\/?attachment_id=2906\" class=\"wp-image-2906\" srcset=\"https:\/\/www.intothesquare.org\/wp-content\/uploads\/2020\/05\/DJI_0041-1024x576.jpg 1024w, https:\/\/www.intothesquare.org\/wp-content\/uploads\/2020\/05\/DJI_0041-300x169.jpg 300w, https:\/\/www.intothesquare.org\/wp-content\/uploads\/2020\/05\/DJI_0041-768x432.jpg 768w, https:\/\/www.intothesquare.org\/wp-content\/uploads\/2020\/05\/DJI_0041.jpg 1058w\" sizes=\"auto, (max-width: 1024px) 100vw, 1024px\" \/><\/figure><\/li><li class=\"blocks-gallery-item\"><figure><img loading=\"lazy\" decoding=\"async\" width=\"1024\" height=\"576\" src=\"https:\/\/www.intothesquare.org\/wp-content\/uploads\/2020\/05\/DJI_0056-1024x576.jpg\" alt=\"\" data-id=\"2907\" data-full-url=\"https:\/\/www.intothesquare.org\/wp-content\/uploads\/2020\/05\/DJI_0056.jpg\" data-link=\"https:\/\/www.intothesquare.org\/?attachment_id=2907\" class=\"wp-image-2907\" srcset=\"https:\/\/www.intothesquare.org\/wp-content\/uploads\/2020\/05\/DJI_0056-1024x576.jpg 1024w, https:\/\/www.intothesquare.org\/wp-content\/uploads\/2020\/05\/DJI_0056-300x169.jpg 300w, https:\/\/www.intothesquare.org\/wp-content\/uploads\/2020\/05\/DJI_0056-768x432.jpg 768w, https:\/\/www.intothesquare.org\/wp-content\/uploads\/2020\/05\/DJI_0056.jpg 1058w\" sizes=\"auto, (max-width: 1024px) 100vw, 1024px\" \/><\/figure><\/li><li class=\"blocks-gallery-item\"><figure><img loading=\"lazy\" decoding=\"async\" width=\"1024\" height=\"576\" src=\"https:\/\/www.intothesquare.org\/wp-content\/uploads\/2020\/05\/DJI_0060-1024x576.jpg\" alt=\"\" data-id=\"2908\" data-full-url=\"https:\/\/www.intothesquare.org\/wp-content\/uploads\/2020\/05\/DJI_0060.jpg\" data-link=\"https:\/\/www.intothesquare.org\/?attachment_id=2908\" class=\"wp-image-2908\" srcset=\"https:\/\/www.intothesquare.org\/wp-content\/uploads\/2020\/05\/DJI_0060-1024x576.jpg 1024w, https:\/\/www.intothesquare.org\/wp-content\/uploads\/2020\/05\/DJI_0060-300x169.jpg 300w, https:\/\/www.intothesquare.org\/wp-content\/uploads\/2020\/05\/DJI_0060-768x432.jpg 768w, https:\/\/www.intothesquare.org\/wp-content\/uploads\/2020\/05\/DJI_0060.jpg 1058w\" sizes=\"auto, (max-width: 1024px) 100vw, 1024px\" \/><\/figure><\/li><\/ul><\/figure>\n","protected":false},"excerpt":{"rendered":"<p>\u0130nan\u0131lmaz derecede k\u00fc\u00e7\u00fck olan Buzet kilisenin meydan\u0131, yerle\u015fimin en y\u00fcksek noktas\u0131nda bulunmaktad\u0131r. Fakat perspektif ve i\u00e7 alan hissi eksiktir, \u00e7\u00fcnk\u00fc k\u00fc\u00e7\u00fck olan \u00e7evre, meydandaki t\u00fcm binalar\u0131 \u00e7ok daha b\u00fcy\u00fck ve g\u00f6ky\u00fcz\u00fc \u00e7ok uzak, nereyse bir yama oldu\u011funu hissi yaratmaktad\u0131r. Buzet Istria&#8217;daki bir ba\u015fka tepe \u015fehridir ve Venedikliler taraf\u0131ndan tahkim edilmi\u015ftir, \u00e7\u00fcnk\u00fc b\u00f6lgedeki egemenliklerinin temeli olmu\u015ftur.<\/p>\n","protected":false},"author":3,"featured_media":2903,"comment_status":"closed","ping_status":"closed","sticky":false,"template":"","format":"standard","meta":{"footnotes":""},"categories":[14],"tags":[149,145,146,150],"class_list":["post-2901","post","type-post","status-publish","format-standard","has-post-thumbnail","hentry","category-european-squares","tag-az","tag-en","tag-ro","tag-tr"],"translation":{"provider":"WPGlobus","version":"3.0.0","language":"tr","enabled_languages":["en","tr","ro","es","it","gr","az","pl","ge","pt"],"languages":{"en":{"title":true,"content":true,"excerpt":false},"tr":{"title":true,"content":true,"excerpt":false},"ro":{"title":true,"content":true,"excerpt":false},"es":{"title":false,"content":false,"excerpt":false},"it":{"title":false,"content":false,"excerpt":false},"gr":{"title":false,"content":false,"excerpt":false},"az":{"title":true,"content":true,"excerpt":false},"pl":{"title":false,"content":false,"excerpt":false},"ge":{"title":false,"content":false,"excerpt":false},"pt":{"title":false,"content":false,"excerpt":false}}},"_links":{"self":[{"href":"https:\/\/www.intothesquare.org\/tr\/wp-json\/wp\/v2\/posts\/2901","targetHints":{"allow":["GET"]}}],"collection":[{"href":"https:\/\/www.intothesquare.org\/tr\/wp-json\/wp\/v2\/posts"}],"about":[{"href":"https:\/\/www.intothesquare.org\/tr\/wp-json\/wp\/v2\/types\/post"}],"author":[{"embeddable":true,"href":"https:\/\/www.intothesquare.org\/tr\/wp-json\/wp\/v2\/users\/3"}],"replies":[{"embeddable":true,"href":"https:\/\/www.intothesquare.org\/tr\/wp-json\/wp\/v2\/comments?post=2901"}],"version-history":[{"count":0,"href":"https:\/\/www.intothesquare.org\/tr\/wp-json\/wp\/v2\/posts\/2901\/revisions"}],"wp:featuredmedia":[{"embeddable":true,"href":"https:\/\/www.intothesquare.org\/tr\/wp-json\/wp\/v2\/media\/2903"}],"wp:attachment":[{"href":"https:\/\/www.intothesquare.org\/tr\/wp-json\/wp\/v2\/media?parent=2901"}],"wp:term":[{"taxonomy":"category","embeddable":true,"href":"https:\/\/www.intothesquare.org\/tr\/wp-json\/wp\/v2\/categories?post=2901"},{"taxonomy":"post_tag","embeddable":true,"href":"https:\/\/www.intothesquare.org\/tr\/wp-json\/wp\/v2\/tags?post=2901"}],"curies":[{"name":"wp","href":"https:\/\/api.w.org\/{rel}","templated":true}]}}