{"id":2913,"date":"2020-05-09T10:28:24","date_gmt":"2020-05-09T07:28:24","guid":{"rendered":"http:\/\/www.intothesquare.org\/?p=2913"},"modified":"2024-04-26T18:58:09","modified_gmt":"2024-04-26T15:58:09","slug":"terreiro-da-se-from-porto-portugal","status":"publish","type":"post","link":"https:\/\/www.intothesquare.org\/tr\/2020\/european-squares\/terreiro-da-se-from-porto-portugal\/","title":{"rendered":"Porto, Portekiz, Terreiro da S\u00e9"},"content":{"rendered":"\n<p>Terreiro da S\u00e9 bir paradokstur. Sadece eski binalarla \u00e7evirilidir ve her zaman, ya da en az\u0131ndan orta\u00e7a\u011f d\u00f6neminden beri \u00f6yle kalmaya devam etmi\u015f g\u00f6r\u00fcnmektedir. Porto&#8217;daki Katedral Meydan\u0131\u00a0<em>terreiro<\/em>, yani kare, 1940 y\u0131l\u0131nda katedrali donamak ve alan g\u00f6r\u00fcn\u00fcme renk katmak i\u00e7in tasarlanan modern bir olu\u015fumdur. Bu meydan\u0131n ortaya \u00e7\u0131kmas\u0131 m\u00fcmk\u00fcn olmas\u0131 i\u00e7in, \u00e7ok say\u0131da orta\u00e7a\u011f yap\u0131s\u0131n\u0131 y\u0131kmas\u0131n\u0131 gerekli olmu\u015ftur. Terziler \u015eapeli de dahil olmak \u00fczere bunlardan baz\u0131lar\u0131 tek tek s\u00f6k\u00fclm\u00fc\u015f ve \u015fehrin di\u011fer b\u00f6lgelerinde yeniden in\u015fa edilmi\u015ftir. Merkezde bulunan s\u00fctun eski de\u011fildir; belediyenin Terreiro da S\u00e9&#8217;deki \u00e7al\u0131\u015fmalar\u0131 tamamlad\u0131\u011f\u0131 1945 y\u0131l\u0131na dayanmaktad\u0131r.<\/p>\n\n\n\n<figure class=\"wp-block-image size-large\"><img loading=\"lazy\" decoding=\"async\" width=\"1024\" height=\"634\" src=\"https:\/\/www.intothesquare.org\/wp-content\/uploads\/2020\/05\/Piete17-Porto-Portugalia-1024x634.jpg\" alt=\"\" class=\"wp-image-2915\" srcset=\"https:\/\/www.intothesquare.org\/wp-content\/uploads\/2020\/05\/Piete17-Porto-Portugalia-1024x634.jpg 1024w, https:\/\/www.intothesquare.org\/wp-content\/uploads\/2020\/05\/Piete17-Porto-Portugalia-300x186.jpg 300w, https:\/\/www.intothesquare.org\/wp-content\/uploads\/2020\/05\/Piete17-Porto-Portugalia-768x475.jpg 768w, https:\/\/www.intothesquare.org\/wp-content\/uploads\/2020\/05\/Piete17-Porto-Portugalia-825x510.jpg 825w, https:\/\/www.intothesquare.org\/wp-content\/uploads\/2020\/05\/Piete17-Porto-Portugalia.jpg 1296w\" sizes=\"auto, (max-width: 1024px) 100vw, 1024px\" \/><\/figure>\n","protected":false},"excerpt":{"rendered":"<p>Terreiro da S\u00e9 bir paradokstur. Sadece eski binalarla \u00e7evirilidir ve her zaman, ya da en az\u0131ndan orta\u00e7a\u011f d\u00f6neminden beri \u00f6yle kalmaya devam etmi\u015f g\u00f6r\u00fcnmektedir. Porto&#8217;daki Katedral Meydan\u0131\u00a0terreiro, yani kare, 1940 y\u0131l\u0131nda katedrali donamak ve alan g\u00f6r\u00fcn\u00fcme renk katmak i\u00e7in tasarlanan modern bir olu\u015fumdur. Bu meydan\u0131n ortaya \u00e7\u0131kmas\u0131 m\u00fcmk\u00fcn olmas\u0131 i\u00e7in, \u00e7ok say\u0131da orta\u00e7a\u011f yap\u0131s\u0131n\u0131 y\u0131kmas\u0131n\u0131 &hellip; <a href=\"https:\/\/www.intothesquare.org\/tr\/2020\/european-squares\/terreiro-da-se-from-porto-portugal\/\" class=\"more-link\">Continue reading <span class=\"screen-reader-text\">Porto, Portekiz, Terreiro da S\u00e9<\/span><\/a><\/p>\n","protected":false},"author":3,"featured_media":2915,"comment_status":"closed","ping_status":"closed","sticky":false,"template":"","format":"standard","meta":{"footnotes":""},"categories":[14],"tags":[149,145,146,150],"class_list":["post-2913","post","type-post","status-publish","format-standard","has-post-thumbnail","hentry","category-european-squares","tag-az","tag-en","tag-ro","tag-tr"],"translation":{"provider":"WPGlobus","version":"3.0.0","language":"tr","enabled_languages":["en","tr","ro","es","it","gr","az","pl","ge","pt"],"languages":{"en":{"title":true,"content":true,"excerpt":false},"tr":{"title":true,"content":true,"excerpt":false},"ro":{"title":true,"content":true,"excerpt":false},"es":{"title":false,"content":false,"excerpt":false},"it":{"title":false,"content":false,"excerpt":false},"gr":{"title":false,"content":false,"excerpt":false},"az":{"title":true,"content":true,"excerpt":false},"pl":{"title":false,"content":false,"excerpt":false},"ge":{"title":false,"content":false,"excerpt":false},"pt":{"title":false,"content":false,"excerpt":false}}},"_links":{"self":[{"href":"https:\/\/www.intothesquare.org\/tr\/wp-json\/wp\/v2\/posts\/2913","targetHints":{"allow":["GET"]}}],"collection":[{"href":"https:\/\/www.intothesquare.org\/tr\/wp-json\/wp\/v2\/posts"}],"about":[{"href":"https:\/\/www.intothesquare.org\/tr\/wp-json\/wp\/v2\/types\/post"}],"author":[{"embeddable":true,"href":"https:\/\/www.intothesquare.org\/tr\/wp-json\/wp\/v2\/users\/3"}],"replies":[{"embeddable":true,"href":"https:\/\/www.intothesquare.org\/tr\/wp-json\/wp\/v2\/comments?post=2913"}],"version-history":[{"count":0,"href":"https:\/\/www.intothesquare.org\/tr\/wp-json\/wp\/v2\/posts\/2913\/revisions"}],"wp:featuredmedia":[{"embeddable":true,"href":"https:\/\/www.intothesquare.org\/tr\/wp-json\/wp\/v2\/media\/2915"}],"wp:attachment":[{"href":"https:\/\/www.intothesquare.org\/tr\/wp-json\/wp\/v2\/media?parent=2913"}],"wp:term":[{"taxonomy":"category","embeddable":true,"href":"https:\/\/www.intothesquare.org\/tr\/wp-json\/wp\/v2\/categories?post=2913"},{"taxonomy":"post_tag","embeddable":true,"href":"https:\/\/www.intothesquare.org\/tr\/wp-json\/wp\/v2\/tags?post=2913"}],"curies":[{"name":"wp","href":"https:\/\/api.w.org\/{rel}","templated":true}]}}